{"id":11020,"date":"2020-02-25T18:50:49","date_gmt":"2020-02-25T17:50:49","guid":{"rendered":"http:\/\/agora.xtec.cat\/insllicamunt2\/?p=11020"},"modified":"2020-02-26T10:34:47","modified_gmt":"2020-02-26T09:34:47","slug":"paraules-emmetzinades-a-la-lecthora","status":"publish","type":"post","link":"https:\/\/agora.xtec.cat\/insllicamunt2\/el-far-dhipatia\/grups\/paraules-emmetzinades-a-la-lecthora\/","title":{"rendered":"PARAULES EMMETZINADES a la Lecthora"},"content":{"rendered":"<p><span style=\"font-weight: 400;\">Juan David Montoya \u00a0 \u00a0 \u00a0 3rA<\/span><\/p>\n<p><span style=\"font-weight: 400;\">PARAULES EMMETZINADES :<\/span><\/p>\n<p style=\"text-align: justify;\"><span style=\"font-weight: 400;\">Aquesta novel\u00b7la, titulada Paraules Emmetzinades \u00e9s escrita per Maite Carranza, El seu g\u00e8nere \u00e9s de ficci\u00f3. \u00c9s una novel\u00b7la versemblant i\u00a0 es narra amb un llenguatge col\u00b7loquial.<\/span><\/p>\n<p style=\"text-align: justify;\"><span style=\"font-weight: 400;\">La novel\u00b7la tracta d&#8217;una noia anomenada B\u00e0rbara Molina, que desapareix misteriosa i violentament a una edat de quinze anys. \u00c9s un enigma que, despr\u00e9s de quatre anys sense resoldre&#8217;s ser\u00e0 descobert per noves claus. Aquesta novel\u00b7la es descriu com una hist\u00f2ria de mentides, secrets, enganys i falses aparences que tenen molt a veure amb els inq\u00fcestionables mites. Un relat trepidant que dissecciona la hipocresia de l&#8217;actual societat. Una den\u00fancia valenta dels abusos sexuals infantils, les devastadores conseq\u00fc\u00e8ncies que comporta i la seva invisibilitat en aquest m\u00f3n.<\/span><\/p>\n<p style=\"text-align: justify;\"><span style=\"font-weight: 400;\">Els seus personatges principals s\u00f3n la B\u00e0rbara Molina, filla de N\u00faria Sol\u00eds, i el Pep Molina. Una noia amb una adolesc\u00e8ncia descontrolada i problem\u00e0tica. N\u00faria Sol\u00eds, mare de B\u00e0rbara Molina. Una dona que a la seva edat d&#8217;adolesc\u00e8ncia tamb\u00e9 va passar per una rebelia, una de les raons per les quals el seu marit i ella no es posen d&#8217;acord per educar la seva filla. Pep Molina, pare de B\u00e0rbara Molina. Aquest ha fet tot el possible per trobar a la seva filla, fins i tot s&#8217;ha barallat amb possibles sospitosos de la desaparici\u00f3 de la seva filla, pel qual cap persona sospita d&#8217;ell. I per \u00faltim Salvador Lozano, l&#8217;inspector encarregat del cas de la desaparici\u00f3 de B\u00e1rbara Molina. \u00c9s un home molt dedicat al seu treball, tant que, li fa r\u00e0bia haver de jubilar-se sense tancar el cas de la B\u00e0rbara.<\/span><\/p>\n<p style=\"text-align: justify;\"><span style=\"font-weight: 400;\">Personalment m&#8217;ha agradat molt aquesta novel\u00b7la, el relat de la hist\u00f2ria et deixa cont\u00ednuament una intriga que d\u00f3na ganes de seguir llegint. Per altra banda, m&#8217;agrada molt com aquesta hist\u00f2ria representa els abusos sexuals infantils en l&#8217;actual societat, i sobretot les conseq\u00fc\u00e8ncies que hi pot provocar.<\/span><\/p>\n<p style=\"text-align: justify;\"><span style=\"font-weight: 400;\">A partir d&#8217;aquesta lectura he apr\u00e8s el valor necessari que li hem de donar a una persona, i que sempre que sigui possible i estigui dins les nostres possibilitats, tenim l&#8217;obligaci\u00f3 d&#8217;ajudar a qualsevol persona, que estigui patint les conseq\u00fc\u00e8ncies dels abusos sexuals, i comunicar-ho a persones de confian\u00e7a per trobar una soluci\u00f3. I d&#8217;aquesta forma millorar la vida d&#8217;aquesta persona.<\/span><\/p>\n<p><span style=\"font-weight: 400;\">Recomano la lectura d&#8217;aquest llibre, ja que \u00e9s molt important que els joves com jo ens adonem de la societat on vivim, i com poder evitar aquestes situacions.<\/span><\/p>\n<p>&nbsp;<\/p>\n","protected":false},"excerpt":{"rendered":"<p>Juan David Montoya, de 3rA ha escrit una cr\u00edtica del llibre que hem acabat a la lecthora de 3rA: Paraules emmetzinades, de Maite Carranza.&hellip;  <a href=\"https:\/\/agora.xtec.cat\/insllicamunt2\/el-far-dhipatia\/grups\/paraules-emmetzinades-a-la-lecthora\/\" title=\"Read PARAULES EMMETZINADES a la Lecthora\">Llegeix m\u00e9s\u00bb<\/a><\/p>\n","protected":false},"author":1,"featured_media":11021,"comment_status":"open","ping_status":"closed","sticky":false,"template":"","format":"standard","meta":{"_bbp_topic_count":0,"_bbp_reply_count":0,"_bbp_total_topic_count":0,"_bbp_total_reply_count":0,"_bbp_voice_count":0,"_bbp_anonymous_reply_count":0,"_bbp_topic_count_hidden":0,"_bbp_reply_count_hidden":0,"_bbp_forum_subforum_count":0,"footnotes":""},"categories":[6,101,408,99,401,1040,3,409,98,29],"tags":[1692,1751,1248,1752,1737],"class_list":["post-11020","post","type-post","status-publish","format-standard","has-post-thumbnail","hentry","category-3r-deso","category-activitats-de-centre","category-al-voltant-de-la-lectura","category-articles","category-la-biblioteca-dalexandria","category-el-far-dhipatia","category-grups","category-lectura-recomanada","category-noticies-breus","category-portada","tag-3r-eso","tag-activitat-de-centre","tag-activitat-de-lectura","tag-critica-literaria","tag-lecthora"],"post_mailing_queue_ids":[],"_links":{"self":[{"href":"https:\/\/agora.xtec.cat\/insllicamunt2\/wp-json\/wp\/v2\/posts\/11020","targetHints":{"allow":["GET"]}}],"collection":[{"href":"https:\/\/agora.xtec.cat\/insllicamunt2\/wp-json\/wp\/v2\/posts"}],"about":[{"href":"https:\/\/agora.xtec.cat\/insllicamunt2\/wp-json\/wp\/v2\/types\/post"}],"author":[{"embeddable":true,"href":"https:\/\/agora.xtec.cat\/insllicamunt2\/wp-json\/wp\/v2\/users\/1"}],"replies":[{"embeddable":true,"href":"https:\/\/agora.xtec.cat\/insllicamunt2\/wp-json\/wp\/v2\/comments?post=11020"}],"version-history":[{"count":2,"href":"https:\/\/agora.xtec.cat\/insllicamunt2\/wp-json\/wp\/v2\/posts\/11020\/revisions"}],"predecessor-version":[{"id":11024,"href":"https:\/\/agora.xtec.cat\/insllicamunt2\/wp-json\/wp\/v2\/posts\/11020\/revisions\/11024"}],"wp:featuredmedia":[{"embeddable":true,"href":"https:\/\/agora.xtec.cat\/insllicamunt2\/wp-json\/wp\/v2\/media\/11021"}],"wp:attachment":[{"href":"https:\/\/agora.xtec.cat\/insllicamunt2\/wp-json\/wp\/v2\/media?parent=11020"}],"wp:term":[{"taxonomy":"category","embeddable":true,"href":"https:\/\/agora.xtec.cat\/insllicamunt2\/wp-json\/wp\/v2\/categories?post=11020"},{"taxonomy":"post_tag","embeddable":true,"href":"https:\/\/agora.xtec.cat\/insllicamunt2\/wp-json\/wp\/v2\/tags?post=11020"}],"curies":[{"name":"wp","href":"https:\/\/api.w.org\/{rel}","templated":true}]}}