{"id":10787,"date":"2019-12-04T18:23:31","date_gmt":"2019-12-04T17:23:31","guid":{"rendered":"http:\/\/agora.xtec.cat\/insllicamunt2\/?p=10787"},"modified":"2019-12-05T15:09:07","modified_gmt":"2019-12-05T14:09:07","slug":"la-marato-del-2019-compta-amb-lhipatia","status":"publish","type":"post","link":"https:\/\/agora.xtec.cat\/insllicamunt2\/no-classificat\/la-marato-del-2019-compta-amb-lhipatia\/","title":{"rendered":"La Marat\u00f3 del 2019 compta amb l&#8217;Hip\u00e0tia!"},"content":{"rendered":"<blockquote>\n<p style=\"text-align: justify;\"><span style=\"color: #3d3d3a;\">Aquest any la Marat\u00f3 de TV3 es solidaritza amb les Malalties minorit\u00e0ries. S\u00f3n malalties molt poc freq\u00fcents que afecten un m\u00e0xim de 5 persones per cada 10.000 habitants. Inclouen un conjunt de malalties molt diferents entre si, per\u00f2 tenen en com\u00fa que acostumen a ser greus, cr\u00f2niques, progressives i discapacitats.<\/span><b><span style=\"color: #3d3d3a;\"><br \/>\n<\/span><\/b><span style=\"display: inline !important; float: none; background-color: transparent; color: #3d3d3a; font-family: 'Roboto',Helvetica,Arial,sans-serif; font-size: 15px; font-style: normal; font-variant: normal; font-weight: 400; letter-spacing: normal; line-height: 24.9px; orphans: 2; text-align: left; text-decoration: none; text-indent: 0px; text-transform: none; -webkit-text-stroke-width: 0px; white-space: normal; word-spacing: 0px;\"> Els experts calculen que el conjunt de malalties minorit\u00e0ries poden afectar fins al <\/span><strong>7% de la poblaci\u00f3 general<\/strong><span style=\"display: inline !important; float: none; background-color: transparent; color: #3d3d3a; font-family: 'Roboto',Helvetica,Arial,sans-serif; font-size: 15px; font-style: normal; font-variant: normal; font-weight: 400; letter-spacing: normal; line-height: 24.9px; orphans: 2; text-align: left; text-decoration: none; text-indent: 0px; text-transform: none; -webkit-text-stroke-width: 0px; white-space: normal; word-spacing: 0px;\">. Per tant, s&#8217;estima que actualment hi ha a l&#8217;entorn de <\/span><strong>400.000 persones <\/strong><span style=\"display: inline !important; float: none; background-color: transparent; color: #3d3d3a; font-family: 'Roboto',Helvetica,Arial,sans-serif; font-size: 15px; font-style: normal; font-variant: normal; font-weight: 400; letter-spacing: normal; line-height: 24.9px; orphans: 2; text-align: left; text-decoration: none; text-indent: 0px; text-transform: none; -webkit-text-stroke-width: 0px; white-space: normal; word-spacing: 0px;\">que tenen alguna d&#8217;aquests patologies a Catalunya, 3 milions a Espanya i m\u00e9s de 30 milions a tot Europa.<\/span><br \/>\n<span style=\"display: inline !important; float: none; background-color: transparent; color: #3d3d3a; font-family: 'Roboto',Helvetica,Arial,sans-serif; font-size: 15px; font-style: normal; font-variant: normal; font-weight: 400; letter-spacing: normal; line-height: 24.9px; orphans: 2; text-align: left; text-decoration: none; text-indent: 0px; text-transform: none; -webkit-text-stroke-width: 0px; white-space: normal; word-spacing: 0px;\">T<\/span>ot i els aven\u00e7os que es fan cada dia, encara avui hi ha un <strong>40% de malalties minorit\u00e0ries que no tenen tractament<\/strong>. S\u00f3n la causa del 35% de les morts de nens menors d&#8217;un any i del 50% de les morts d&#8217;abans dels 30 anys. Per tant, un tractament adequat pot\u00a0 millorar la qualitat i l&#8217;esperan\u00e7a de vida de les persones afectades. Per aix\u00f2 \u00e9s tan important ajudar en la investigaci\u00f3 i participar en la Marat\u00f3 solid\u00e0ria.<\/p>\n<p>Els alumnes de 4t de l&#8217;Hip\u00e0tia han portat el seu granet de sorra i han elaborat a l&#8217;assignatura de\u00a0 Visual i Pl\u00e0stica un bonic mural per fer visible la import\u00e0ncia de participar en aquesta iniciativa. Moltes gr\u00e0cies!!<\/p>\n<p><strong>Perqu\u00e8 cada pas endavant, encara que sembli petit, \u00e9s una gran vict\u00f2ria.<\/strong><\/p>\n<p><img loading=\"lazy\" decoding=\"async\" class=\"alignleft wp-image-10791\" src=\"https:\/\/agora.xtec.cat\/insllicamunt2\/wp-content\/uploads\/usu1100\/2019\/12\/IMG-20191127-WA0003-1-1.jpg\" alt=\"\" width=\"685\" height=\"514\" srcset=\"https:\/\/agora.xtec.cat\/insllicamunt2\/wp-content\/uploads\/usu1100\/2019\/12\/IMG-20191127-WA0003-1-1.jpg 2048w, https:\/\/agora.xtec.cat\/insllicamunt2\/wp-content\/uploads\/usu1100\/2019\/12\/IMG-20191127-WA0003-1-1-300x225.jpg 300w, https:\/\/agora.xtec.cat\/insllicamunt2\/wp-content\/uploads\/usu1100\/2019\/12\/IMG-20191127-WA0003-1-1-768x576.jpg 768w, https:\/\/agora.xtec.cat\/insllicamunt2\/wp-content\/uploads\/usu1100\/2019\/12\/IMG-20191127-WA0003-1-1-1024x768.jpg 1024w, https:\/\/agora.xtec.cat\/insllicamunt2\/wp-content\/uploads\/usu1100\/2019\/12\/IMG-20191127-WA0003-1-1-200x150.jpg 200w\" sizes=\"auto, (max-width: 685px) 100vw, 685px\" \/> <img loading=\"lazy\" decoding=\"async\" class=\"alignleft wp-image-10792\" src=\"https:\/\/agora.xtec.cat\/insllicamunt2\/wp-content\/uploads\/usu1100\/2019\/12\/IMG-20191127-WA0001.jpg\" alt=\"\" width=\"686\" height=\"386\" srcset=\"https:\/\/agora.xtec.cat\/insllicamunt2\/wp-content\/uploads\/usu1100\/2019\/12\/IMG-20191127-WA0001.jpg 2048w, https:\/\/agora.xtec.cat\/insllicamunt2\/wp-content\/uploads\/usu1100\/2019\/12\/IMG-20191127-WA0001-300x169.jpg 300w, https:\/\/agora.xtec.cat\/insllicamunt2\/wp-content\/uploads\/usu1100\/2019\/12\/IMG-20191127-WA0001-768x432.jpg 768w, https:\/\/agora.xtec.cat\/insllicamunt2\/wp-content\/uploads\/usu1100\/2019\/12\/IMG-20191127-WA0001-1024x576.jpg 1024w\" sizes=\"auto, (max-width: 686px) 100vw, 686px\" \/><\/p><\/blockquote>\n<h2 class=\"titol-gran\"><\/h2>\n<p>&nbsp;<\/p>\n<p>&nbsp;<\/p>\n<p>&nbsp;<\/p>\n<p>&nbsp;<\/p>\n<p>&nbsp;<\/p>\n<p>&nbsp;<\/p>\n<p>&nbsp;<\/p>\n<p>&nbsp;<\/p>\n<p>&nbsp;<\/p>\n<p>&nbsp;<\/p>\n<p>&nbsp;<\/p>\n<p>&nbsp;<\/p>\n<p>&nbsp;<\/p>\n<p>&nbsp;<\/p>\n<p>&nbsp;<\/p>\n<p>&nbsp;<\/p>\n<p>&nbsp;<\/p>\n<p>&nbsp;<\/p>\n<p>&nbsp;<\/p>\n<p>&nbsp;<\/p>\n<p>&nbsp;<\/p>\n<p>&nbsp;<\/p>\n<p>&nbsp;<\/p>\n<p>&nbsp;<\/p>\n<p>&nbsp;<\/p>\n<p>&nbsp;<\/p>\n<p>&nbsp;<\/p>\n<p>&nbsp;<\/p>\n","protected":false},"excerpt":{"rendered":"<p>Aquest any la Marat\u00f3 de TV3 es solidaritza amb les Malalties minorit\u00e0ries. S\u00f3n malalties molt poc freq\u00fcents que afecten un m\u00e0xim de 5 persones per cada 10.000 habitants. Inclouen un conjunt de malalties molt diferents entre si, per\u00f2 tenen en com\u00fa que acostumen a ser&hellip;  <a href=\"https:\/\/agora.xtec.cat\/insllicamunt2\/no-classificat\/la-marato-del-2019-compta-amb-lhipatia\/\" title=\"Read La Marat\u00f3 del 2019 compta amb l&#8217;Hip\u00e0tia!\">Llegeix m\u00e9s\u00bb<\/a><\/p>\n","protected":false},"author":1,"featured_media":10791,"comment_status":"open","ping_status":"closed","sticky":false,"template":"","format":"standard","meta":{"_bbp_topic_count":0,"_bbp_reply_count":0,"_bbp_total_topic_count":0,"_bbp_total_reply_count":0,"_bbp_voice_count":0,"_bbp_anonymous_reply_count":0,"_bbp_topic_count_hidden":0,"_bbp_reply_count_hidden":0,"_bbp_forum_subforum_count":0,"footnotes":""},"categories":[7,93,99,1040,1,98,29,357],"tags":[279,1746,1713,152,67],"class_list":["post-10787","post","type-post","status-publish","format-standard","has-post-thumbnail","hentry","category-4t-deso","category-activitats-daula","category-articles","category-el-far-dhipatia","category-no-classificat","category-noticies-breus","category-portada","category-visual-i-plastica","tag-4t-deso","tag-malalties-minoritaries","tag-marato-tv3","tag-solidaritat","tag-visual-i-plastica"],"post_mailing_queue_ids":[],"_links":{"self":[{"href":"https:\/\/agora.xtec.cat\/insllicamunt2\/wp-json\/wp\/v2\/posts\/10787","targetHints":{"allow":["GET"]}}],"collection":[{"href":"https:\/\/agora.xtec.cat\/insllicamunt2\/wp-json\/wp\/v2\/posts"}],"about":[{"href":"https:\/\/agora.xtec.cat\/insllicamunt2\/wp-json\/wp\/v2\/types\/post"}],"author":[{"embeddable":true,"href":"https:\/\/agora.xtec.cat\/insllicamunt2\/wp-json\/wp\/v2\/users\/1"}],"replies":[{"embeddable":true,"href":"https:\/\/agora.xtec.cat\/insllicamunt2\/wp-json\/wp\/v2\/comments?post=10787"}],"version-history":[{"count":3,"href":"https:\/\/agora.xtec.cat\/insllicamunt2\/wp-json\/wp\/v2\/posts\/10787\/revisions"}],"predecessor-version":[{"id":10794,"href":"https:\/\/agora.xtec.cat\/insllicamunt2\/wp-json\/wp\/v2\/posts\/10787\/revisions\/10794"}],"wp:featuredmedia":[{"embeddable":true,"href":"https:\/\/agora.xtec.cat\/insllicamunt2\/wp-json\/wp\/v2\/media\/10791"}],"wp:attachment":[{"href":"https:\/\/agora.xtec.cat\/insllicamunt2\/wp-json\/wp\/v2\/media?parent=10787"}],"wp:term":[{"taxonomy":"category","embeddable":true,"href":"https:\/\/agora.xtec.cat\/insllicamunt2\/wp-json\/wp\/v2\/categories?post=10787"},{"taxonomy":"post_tag","embeddable":true,"href":"https:\/\/agora.xtec.cat\/insllicamunt2\/wp-json\/wp\/v2\/tags?post=10787"}],"curies":[{"name":"wp","href":"https:\/\/api.w.org\/{rel}","templated":true}]}}