{"id":1069,"date":"2015-11-15T21:29:51","date_gmt":"2015-11-15T20:29:51","guid":{"rendered":"http:\/\/agora.xtec.cat\/insllicamunt2\/?p=1069"},"modified":"2016-05-09T09:28:12","modified_gmt":"2016-05-09T08:28:12","slug":"la-rosa-del-desert","status":"publish","type":"post","link":"https:\/\/agora.xtec.cat\/insllicamunt2\/el-far-dhipatia\/grups\/la-rosa-del-desert\/","title":{"rendered":"La rosa del desert"},"content":{"rendered":"<p style=\"text-align: justify;\">Estava estudiant la unitat 3 de la mat\u00e8ria de biologia i geologia sobre la hidrosfera quan, a l&#8217;apartat dels compartiments on diu que en la seva estructura alguns minerals tamb\u00e9 contenen aigua, vaig observar la imatge d\u2019un mineral que m&#8217;era molt familiar. Es tractava d\u2019una rosa del desert, mineral anomenat aix\u00ed per la seva forma similar a la d&#8217;una flor. Aquest mineral \u00e9s en realitat guix, un d&#8217;aquells minerals que cont\u00e9 aigua a la seva estructura mineral: CaSO<sub>4<\/sub>\u00b72H<sub>2<\/sub>O.<\/p>\n<p style=\"text-align: center;\"><img loading=\"lazy\" decoding=\"async\" class=\"aligncenter\" src=\"https:\/\/lh3.googleusercontent.com\/-Tq2B53w-Em8\/VkZCayZ5tfI\/AAAAAAAAPHg\/AkIm0DrRWyo\/s800-Ic42\/IMG_3199.JPG\" alt=\"\" width=\"600\" height=\"450\" \/><\/p>\n<p style=\"text-align: center;\">Estiuejo a un poble de Granada, a Castillejar, on el 90% dels seus habitatges son cases-cova excavades a la muntanya, formada per roques sediment\u00e0ries de molts milions d&#8217;anys d&#8217;antiguitat.<\/p>\n<p style=\"text-align: center;\"><img loading=\"lazy\" decoding=\"async\" class=\"aligncenter\" src=\"https:\/\/lh3.googleusercontent.com\/-CM6NdzdSFaA\/VkjpyldLNbI\/AAAAAAAAPRo\/OqAZKeyOVyw\/s800-Ic42\/Betes%252520de%252520guix.JPG\" alt=\"\" width=\"517\" height=\"482\" \/><\/p>\n<p style=\"text-align: center;\">Es tracta de cases molt confortables, doncs mantenen una temperatura constant de 19 o 20 graus tot l\u2019any.<\/p>\n<p style=\"text-align: center;\"><img loading=\"lazy\" decoding=\"async\" class=\"aligncenter\" src=\"https:\/\/lh3.googleusercontent.com\/-48bgYv7aL8g\/Vkjpywcn_UI\/AAAAAAAAPSE\/S5LHfl9lq50\/s800-Ic42\/Fac%2525CC%2525A7ana%252520de%252520la%252520casa-cova.jpg\" alt=\"\" width=\"600\" height=\"370\" \/><\/p>\n<p style=\"text-align: center;\">Nosaltres no som una excepci\u00f3 i els mesos d&#8217;estiu vivim a una d&#8217;aquestes cases que va ser constru\u00efda a pic i pala fa aproximadament 200 anys.<\/p>\n<p style=\"text-align: center;\"><img loading=\"lazy\" decoding=\"async\" class=\"aligncenter\" src=\"https:\/\/lh3.googleusercontent.com\/-XVdkJMkzx8Q\/VkjpzcU9rPI\/AAAAAAAAPR0\/CQWrUOku2_E\/s800-Ic42\/Interior%252520de%252520la%252520cova.JPG\" alt=\"\" width=\"400\" height=\"541\" \/><\/p>\n<p style=\"text-align: justify;\">A mitjans del segle passat els castillejerans extreien de la muntanya i treballaven de manera manual el guix i el venien al sector de la construcci\u00f3. A les l\u00e0mines de guix li deien \u201cespejuelos\u201d. Actualment, per\u00f2, ha cessat l&#8217;explotaci\u00f3 del guix i Castillejar \u00e9s considerat un poble tur\u00edstic, especialment despr\u00e8s de ser incl\u00f2s a \u201cLa ruta dels primers pobladors d\u2019Europa\u201d: Castril, Castillejar, Galera, Orce&#8230;<\/p>\n<p style=\"text-align: center;\"><img loading=\"lazy\" decoding=\"async\" class=\"aligncenter\" src=\"https:\/\/lh3.googleusercontent.com\/-sxd4Ib7qoW4\/VkZCbds5F_I\/AAAAAAAAPHg\/YELhnPm5_4U\/s800-Ic42\/IMG_3243.JPG\" alt=\"\" width=\"600\" height=\"450\" \/><\/p>\n<p style=\"text-align: justify;\">Tot respectant el paisatge, les dones encara separen les l\u00e0mines de guix del sediment i tallen artesanalment el mineral per confeccionar boniques i delicades manualitats.<\/p>\n<p style=\"text-align: center;\"><img loading=\"lazy\" decoding=\"async\" class=\"aligncenter\" src=\"https:\/\/lh3.googleusercontent.com\/-SwppicMs1bI\/VkZCbr78zCI\/AAAAAAAAPHg\/3SVrzV4klh0\/s800-Ic42\/IMG_3252.JPG\" alt=\"\" width=\"600\" height=\"450\" \/><\/p>\n<p style=\"text-align: center;\"><img loading=\"lazy\" decoding=\"async\" class=\"aligncenter\" src=\"https:\/\/lh3.googleusercontent.com\/-aDfxbjiI0Hg\/Vkjpzg-DY8I\/AAAAAAAAPR8\/hoScHQU8K5o\/s800-Ic42\/penjoll%252520de%252520selenita.JPG\" alt=\"\" width=\"317\" height=\"600\" \/><\/p>\n<p style=\"text-align: justify;\">Tot i ser considerades per l&#8217;esoterisme minerals amb propietats curatives i generadores d&#8217;energia positiva, les roses del desert s\u00f3n en realitat i simplement agregats de cristalls lamel\u00b7lars de guix disposats en forma de roseta i que s&#8217;han format dins la sorra o l&#8217;argila en medi \u00e0rid.<\/p>\n<p style=\"text-align: center;\"><img loading=\"lazy\" decoding=\"async\" class=\"aligncenter\" src=\"https:\/\/lh3.googleusercontent.com\/-9Arqm4PpnMI\/VkZCane3EgI\/AAAAAAAAPHg\/NE7Ta2rbNh0\/s800-Ic42\/IMG_3190.JPG\" alt=\"\" width=\"600\" height=\"450\" \/><\/p>\n<p style=\"text-align: justify;\">Paula Rodr\u00edguez Pedrosa (1rA)<\/p>\n","protected":false},"excerpt":{"rendered":"<p>Estava estudiant la unitat 3 de la mat\u00e8ria de biologia i geologia sobre la hidrosfera quan, a l&#8217;apartat dels compartiments on diu que en la seva estructura alguns minerals tamb\u00e9 contenen aigua, vaig observar la imatge d\u2019un mineral que m&#8217;era molt familiar. Es tractava d\u2019una&hellip;  <a href=\"https:\/\/agora.xtec.cat\/insllicamunt2\/el-far-dhipatia\/grups\/la-rosa-del-desert\/\" title=\"Read La rosa del desert\">Llegeix m\u00e9s\u00bb<\/a><\/p>\n","protected":false},"author":76,"featured_media":1127,"comment_status":"open","ping_status":"open","sticky":false,"template":"","format":"standard","meta":{"_bbp_topic_count":0,"_bbp_reply_count":0,"_bbp_total_topic_count":0,"_bbp_total_reply_count":0,"_bbp_voice_count":0,"_bbp_anonymous_reply_count":0,"_bbp_topic_count_hidden":0,"_bbp_reply_count_hidden":0,"_bbp_forum_subforum_count":0,"footnotes":""},"categories":[4,99,347,3,29],"tags":[341,1213,338,337,339,340,336,335,342,333,334],"class_list":["post-1069","post","type-post","status-publish","format-standard","has-post-thumbnail","hentry","category-1r-deso","category-articles","category-biologia-i-geologia","category-grups","category-portada","tag-aigua","tag-biologia-i-geologia","tag-casa","tag-castillejar","tag-cova","tag-desert","tag-granada","tag-guix","tag-hidrosfera","tag-minerals","tag-rosa-del-desert"],"post_mailing_queue_ids":[],"_links":{"self":[{"href":"https:\/\/agora.xtec.cat\/insllicamunt2\/wp-json\/wp\/v2\/posts\/1069","targetHints":{"allow":["GET"]}}],"collection":[{"href":"https:\/\/agora.xtec.cat\/insllicamunt2\/wp-json\/wp\/v2\/posts"}],"about":[{"href":"https:\/\/agora.xtec.cat\/insllicamunt2\/wp-json\/wp\/v2\/types\/post"}],"author":[{"embeddable":true,"href":"https:\/\/agora.xtec.cat\/insllicamunt2\/wp-json\/wp\/v2\/users\/76"}],"replies":[{"embeddable":true,"href":"https:\/\/agora.xtec.cat\/insllicamunt2\/wp-json\/wp\/v2\/comments?post=1069"}],"version-history":[{"count":3,"href":"https:\/\/agora.xtec.cat\/insllicamunt2\/wp-json\/wp\/v2\/posts\/1069\/revisions"}],"predecessor-version":[{"id":1129,"href":"https:\/\/agora.xtec.cat\/insllicamunt2\/wp-json\/wp\/v2\/posts\/1069\/revisions\/1129"}],"wp:featuredmedia":[{"embeddable":true,"href":"https:\/\/agora.xtec.cat\/insllicamunt2\/wp-json\/wp\/v2\/media\/1127"}],"wp:attachment":[{"href":"https:\/\/agora.xtec.cat\/insllicamunt2\/wp-json\/wp\/v2\/media?parent=1069"}],"wp:term":[{"taxonomy":"category","embeddable":true,"href":"https:\/\/agora.xtec.cat\/insllicamunt2\/wp-json\/wp\/v2\/categories?post=1069"},{"taxonomy":"post_tag","embeddable":true,"href":"https:\/\/agora.xtec.cat\/insllicamunt2\/wp-json\/wp\/v2\/tags?post=1069"}],"curies":[{"name":"wp","href":"https:\/\/api.w.org\/{rel}","templated":true}]}}