{"id":10688,"date":"2019-11-12T18:08:31","date_gmt":"2019-11-12T17:08:31","guid":{"rendered":"http:\/\/agora.xtec.cat\/insllicamunt2\/?p=10688"},"modified":"2019-11-15T14:20:27","modified_gmt":"2019-11-15T13:20:27","slug":"dia-de-la-ciencia-a-lhipatia-dalexandria","status":"publish","type":"post","link":"https:\/\/agora.xtec.cat\/insllicamunt2\/no-classificat\/dia-de-la-ciencia-a-lhipatia-dalexandria\/","title":{"rendered":"Dia de la ci\u00e8ncia a l&#8217;Hip\u00e0tia d&#8217;Alexandria"},"content":{"rendered":"<p style=\"text-align: center;\"><span style=\"display: inline !important; float: none; background-color: transparent; color: #222222; cursor: text; direction: ltr; font-family: 'Helvetica Neue','Helvetica',Helvetica,Arial,sans-serif; font-size: 16px; font-style: normal; font-variant: normal; font-weight: 400; letter-spacing: normal; orphans: 2; text-align: left; text-decoration: none; text-indent: 0px; text-transform: none; -webkit-text-stroke-width: 0px; white-space: normal; word-spacing: 0px;\"><em>&#8220;La ci\u00e8ncia \u00e9s la clau del nostre futur&#8221;<\/em> Bill Nye<\/span><\/p>\n<p style=\"text-align: justify;\"><span style=\"font-weight: 400;\">El passat divendres 8 de novembre a l\u2019Hip\u00e0tia d&#8217;Alexandria vam celebrar la primera jornada de la Ci\u00e8ncia, la qual s&#8217;ha pogut portar a terme gr\u00e0cies a la col\u00b7laboraci\u00f3 de l\u2019AMPA i a la impliaci\u00f3 de tot l\u2019equip de professorat. Aix\u00ed, al llarg de tot el mat\u00ed, tots els alumnes del centre van participar\u00a0 en diferents activitats de divulgaci\u00f3 cient\u00edfica.\u00a0<\/span><\/p>\n<p style=\"text-align: justify;\"><span style=\"font-weight: 400;\">Aquesta jornada s\u2019emmarca en la setmana de la ci\u00e8ncia, en qu\u00e8 se celebren tot un ventall d\u2019activitats de divulgaci\u00f3 cient\u00edfica arreu del nostre territori. Els temes centrals de l\u2019edici\u00f3 d\u2019enguany han estat, d\u2019una banda, la taula peri\u00f2dica, amb motiu de l\u2019Any Internacional de la Taula Peri\u00f2dica dels Elements Qu\u00edmics; i de l\u2019altra, diferents persones que han estat referents als respectius camps de coneixement com ara l\u2019ec\u00f2leg Ramon Margalef; i Leonardo da Vinci. A m\u00e9s, tamb\u00e9 es commemora el 50\u00e8 aniversari de l\u2019arribada de l\u2019home a la Lluna.<\/span><\/p>\n<p style=\"text-align: justify;\"><span style=\"font-weight: 400;\">La Jornada va comen\u00e7ar amb la xerrada &#8220;&#8221;Matem\u00e0tiques i m\u00e0gia i viceversa&#8221;&#8221; a c\u00e0rrec del matem\u00e0tic Sergio Belmonte, que va captivar a tot l&#8217;alumnat de l&#8217;institut ensenyant-nos la connexi\u00f3 entre aquestes dues disciplines ,aparentment tan distants, i mostrant com es pot aplicar la matem\u00e0tica per\u00a0 crear veritables efectes m\u00e0gics.\u00a0<\/span><\/p>\n<p style=\"text-align: justify;\"><span style=\"font-weight: 400;\">Durant la resta del mat\u00ed es van alternar diferents tallers de caire emminentment pr\u00e0ctic i debats cient\u00edfics. Els alumnes de 1r i 2n van fer un taller per aprendre\u00a0 la criptografia\u00a0 i a desencriptar missatges a partir de sistemes i t\u00e8cniques, a encriptar els seus propis missatges i a treballar de manera col\u2022laborativa per resoldre reptes en equip. Els alumnes de 3r i 4t, en canvi, van haver de programar el seu robot de manera \u00f2ptima per gestionar una parcel\u2022la de terreny forestal, tallant certs arbres escollits en el menor temps possible.<\/span><\/p>\n<p style=\"text-align: justify;\"><span style=\"font-weight: 400;\">A m\u00e9s a m\u00e9s i per finalitzar la jornada es van organitzar diversos debats cient\u00edfics. Els alumnes van tenir l\u2019oportunitat de reflexionar sobre les deixalles espacials, l\u2019energia nuclear, l\u2019eutan\u00e0sia i les medicines alternatives, tot aprenent a argumentar de manera ordenada. Uns debats molt enriquidors que ens van deixar amb ganes d&#8217;aprofundir-hi m\u00e9s i repetir l&#8217;experi\u00e8ncia.<\/span><\/p>\n<p>Pensem que aquesta jornada ha estat molt intensa i profitosa per tots plegats.<\/p>\n<p>Tal i com diu <span style=\"display: inline !important; float: none; background-color: transparent; color: #222222; cursor: text; direction: ltr; font-family: 'Helvetica Neue','Helvetica',Helvetica,Arial,sans-serif; font-size: 16px; font-style: normal; font-variant: normal; font-weight: 400; letter-spacing: normal; orphans: 2; text-align: left; text-decoration: none; text-indent: 0px; text-transform: none; -webkit-text-stroke-width: 0px; white-space: normal; word-spacing: 0px;\">Louis Pasteur<\/span>\u00a0 <em>&#8220;La ci\u00e8ncia \u00e9s l&#8217;\u00e0nima de la prosperitat i la font de tot progr\u00e9s&#8221;.<\/em><\/p>\n\n\t\t<style type=\"text\/css\">\n\t\t\t#gallery-1 {\n\t\t\t\tmargin: auto;\n\t\t\t}\n\t\t\t#gallery-1 .gallery-item {\n\t\t\t\tfloat: left;\n\t\t\t\tmargin-top: 10px;\n\t\t\t\ttext-align: center;\n\t\t\t\twidth: 33%;\n\t\t\t}\n\t\t\t#gallery-1 img {\n\t\t\t\tborder: 2px solid #cfcfcf;\n\t\t\t}\n\t\t\t#gallery-1 .gallery-caption {\n\t\t\t\tmargin-left: 0;\n\t\t\t}\n\t\t\t\/* see gallery_shortcode() in wp-includes\/media.php *\/\n\t\t<\/style>\n\t\t<div id='gallery-1' class='gallery galleryid-10688 gallery-columns-3 gallery-size-thumbnail'><dl class='gallery-item'>\n\t\t\t<dt class='gallery-icon landscape'>\n\t\t\t\t<a href='https:\/\/agora.xtec.cat\/insllicamunt2\/no-classificat\/dia-de-la-ciencia-a-lhipatia-dalexandria\/attachment\/20191108_092716-2\/'><img loading=\"lazy\" decoding=\"async\" width=\"150\" height=\"150\" src=\"https:\/\/agora.xtec.cat\/insllicamunt2\/wp-content\/uploads\/usu1100\/2019\/11\/20191108_092716-1-150x150.jpg\" class=\"attachment-thumbnail size-thumbnail\" alt=\"\" \/><\/a>\n\t\t\t<\/dt><\/dl><dl class='gallery-item'>\n\t\t\t<dt class='gallery-icon landscape'>\n\t\t\t\t<a href='https:\/\/agora.xtec.cat\/insllicamunt2\/no-classificat\/dia-de-la-ciencia-a-lhipatia-dalexandria\/attachment\/20191108_095735\/'><img loading=\"lazy\" decoding=\"async\" width=\"150\" height=\"150\" src=\"https:\/\/agora.xtec.cat\/insllicamunt2\/wp-content\/uploads\/usu1100\/2019\/11\/20191108_095735-150x150.jpg\" class=\"attachment-thumbnail size-thumbnail\" alt=\"\" \/><\/a>\n\t\t\t<\/dt><\/dl><dl class='gallery-item'>\n\t\t\t<dt class='gallery-icon landscape'>\n\t\t\t\t<a href='https:\/\/agora.xtec.cat\/insllicamunt2\/no-classificat\/dia-de-la-ciencia-a-lhipatia-dalexandria\/attachment\/20191108_100153\/'><img loading=\"lazy\" decoding=\"async\" width=\"150\" height=\"150\" src=\"https:\/\/agora.xtec.cat\/insllicamunt2\/wp-content\/uploads\/usu1100\/2019\/11\/20191108_100153-150x150.jpg\" class=\"attachment-thumbnail size-thumbnail\" alt=\"\" \/><\/a>\n\t\t\t<\/dt><\/dl><br style=\"clear: both\" \/><dl class='gallery-item'>\n\t\t\t<dt class='gallery-icon landscape'>\n\t\t\t\t<a href='https:\/\/agora.xtec.cat\/insllicamunt2\/no-classificat\/dia-de-la-ciencia-a-lhipatia-dalexandria\/attachment\/20191108_094726\/'><img loading=\"lazy\" decoding=\"async\" width=\"150\" height=\"150\" src=\"https:\/\/agora.xtec.cat\/insllicamunt2\/wp-content\/uploads\/usu1100\/2019\/11\/20191108_094726-150x150.jpg\" class=\"attachment-thumbnail size-thumbnail\" alt=\"\" \/><\/a>\n\t\t\t<\/dt><\/dl><dl class='gallery-item'>\n\t\t\t<dt class='gallery-icon landscape'>\n\t\t\t\t<a href='https:\/\/agora.xtec.cat\/insllicamunt2\/no-classificat\/dia-de-la-ciencia-a-lhipatia-dalexandria\/attachment\/20191108_093623\/'><img loading=\"lazy\" decoding=\"async\" width=\"150\" height=\"150\" src=\"https:\/\/agora.xtec.cat\/insllicamunt2\/wp-content\/uploads\/usu1100\/2019\/11\/20191108_093623-150x150.jpg\" class=\"attachment-thumbnail size-thumbnail\" alt=\"\" \/><\/a>\n\t\t\t<\/dt><\/dl><dl class='gallery-item'>\n\t\t\t<dt class='gallery-icon landscape'>\n\t\t\t\t<a href='https:\/\/agora.xtec.cat\/insllicamunt2\/no-classificat\/dia-de-la-ciencia-a-lhipatia-dalexandria\/attachment\/20191108_093808\/'><img loading=\"lazy\" decoding=\"async\" width=\"150\" height=\"150\" src=\"https:\/\/agora.xtec.cat\/insllicamunt2\/wp-content\/uploads\/usu1100\/2019\/11\/20191108_093808-150x150.jpg\" class=\"attachment-thumbnail size-thumbnail\" alt=\"\" \/><\/a>\n\t\t\t<\/dt><\/dl><br style=\"clear: both\" \/><dl class='gallery-item'>\n\t\t\t<dt class='gallery-icon landscape'>\n\t\t\t\t<a href='https:\/\/agora.xtec.cat\/insllicamunt2\/no-classificat\/dia-de-la-ciencia-a-lhipatia-dalexandria\/attachment\/20191108_092600\/'><img loading=\"lazy\" decoding=\"async\" width=\"150\" height=\"150\" src=\"https:\/\/agora.xtec.cat\/insllicamunt2\/wp-content\/uploads\/usu1100\/2019\/11\/20191108_092600-150x150.jpg\" class=\"attachment-thumbnail size-thumbnail\" alt=\"\" \/><\/a>\n\t\t\t<\/dt><\/dl>\n\t\t\t<br style='clear: both' \/>\n\t\t<\/div>\n\n<blockquote>\n<blockquote><p>&nbsp;<\/p><\/blockquote>\n<\/blockquote>\n<p>&nbsp;<\/p>\n","protected":false},"excerpt":{"rendered":"<p>L&#8217;IES Hip\u00e0tia d&#8217;Alexandria gaudeix d&#8217;una diada de la ci\u00e8ncia magn\u00edfica i farcida d&#8217;activitats engrescadores.&hellip;  <a href=\"https:\/\/agora.xtec.cat\/insllicamunt2\/no-classificat\/dia-de-la-ciencia-a-lhipatia-dalexandria\/\" title=\"Read Dia de la ci\u00e8ncia a l&#8217;Hip\u00e0tia d&#8217;Alexandria\">Llegeix m\u00e9s\u00bb<\/a><\/p>\n","protected":false},"author":1,"featured_media":10690,"comment_status":"open","ping_status":"closed","sticky":false,"template":"","format":"standard","meta":{"_bbp_topic_count":0,"_bbp_reply_count":0,"_bbp_total_topic_count":0,"_bbp_total_reply_count":0,"_bbp_voice_count":0,"_bbp_anonymous_reply_count":0,"_bbp_topic_count_hidden":0,"_bbp_reply_count_hidden":0,"_bbp_forum_subforum_count":0,"footnotes":""},"categories":[4,5,6,7,101,99,1040,359,3,354,346,1,98,29],"tags":[1738],"class_list":["post-10688","post","type-post","status-publish","format-standard","has-post-thumbnail","hentry","category-1r-deso","category-2n-deso","category-3r-deso","category-4t-deso","category-activitats-de-centre","category-articles","category-el-far-dhipatia","category-fisica-i-quimica","category-grups","category-matematiques","category-materies","category-no-classificat","category-noticies-breus","category-portada","tag-dia-de-la-ciencia"],"post_mailing_queue_ids":[],"_links":{"self":[{"href":"https:\/\/agora.xtec.cat\/insllicamunt2\/wp-json\/wp\/v2\/posts\/10688","targetHints":{"allow":["GET"]}}],"collection":[{"href":"https:\/\/agora.xtec.cat\/insllicamunt2\/wp-json\/wp\/v2\/posts"}],"about":[{"href":"https:\/\/agora.xtec.cat\/insllicamunt2\/wp-json\/wp\/v2\/types\/post"}],"author":[{"embeddable":true,"href":"https:\/\/agora.xtec.cat\/insllicamunt2\/wp-json\/wp\/v2\/users\/1"}],"replies":[{"embeddable":true,"href":"https:\/\/agora.xtec.cat\/insllicamunt2\/wp-json\/wp\/v2\/comments?post=10688"}],"version-history":[{"count":3,"href":"https:\/\/agora.xtec.cat\/insllicamunt2\/wp-json\/wp\/v2\/posts\/10688\/revisions"}],"predecessor-version":[{"id":10700,"href":"https:\/\/agora.xtec.cat\/insllicamunt2\/wp-json\/wp\/v2\/posts\/10688\/revisions\/10700"}],"wp:featuredmedia":[{"embeddable":true,"href":"https:\/\/agora.xtec.cat\/insllicamunt2\/wp-json\/wp\/v2\/media\/10690"}],"wp:attachment":[{"href":"https:\/\/agora.xtec.cat\/insllicamunt2\/wp-json\/wp\/v2\/media?parent=10688"}],"wp:term":[{"taxonomy":"category","embeddable":true,"href":"https:\/\/agora.xtec.cat\/insllicamunt2\/wp-json\/wp\/v2\/categories?post=10688"},{"taxonomy":"post_tag","embeddable":true,"href":"https:\/\/agora.xtec.cat\/insllicamunt2\/wp-json\/wp\/v2\/tags?post=10688"}],"curies":[{"name":"wp","href":"https:\/\/api.w.org\/{rel}","templated":true}]}}