{"id":10678,"date":"2019-11-10T12:26:15","date_gmt":"2019-11-10T11:26:15","guid":{"rendered":"http:\/\/agora.xtec.cat\/insllicamunt2\/?p=10678"},"modified":"2019-11-11T14:47:50","modified_gmt":"2019-11-11T13:47:50","slug":"agraiment-a-lampa","status":"publish","type":"post","link":"https:\/\/agora.xtec.cat\/insllicamunt2\/el-far-dhipatia\/grups\/agraiment-a-lampa\/","title":{"rendered":"Agra\u00efment a l&#8217;AMPA"},"content":{"rendered":"<p style=\"text-align: justify;\"><span style=\"font-weight: 400;\">Aquest comen\u00e7ament de curs els pares i mares de l&#8217;AMPA ens han obsequiat amb un lot molt exquisit de llibres juvenils per a la lecthora.<\/span><\/p>\n<p style=\"text-align: justify;\"><span style=\"font-weight: 400;\">L\u2019institut Hip\u00e0tia d\u2019Alexandria\u00a0 promou l\u2019aprenentatge de la comprensi\u00f3 lectora mitjan\u00e7ant uns minuts diaris de lectura a l\u2019aula, des de 1r d\u2019ESO a 4t d\u2019ESO. Aquesta aposta suposa\u00a0 una din\u00e0mica de centre diferent i un suport del professorat que el distingeix de la resta de centres. Nosaltres hi creiem i pensem que aquesta activitat afavoreix l\u2019aprenentatge de la llengua en tot el nostre alumnat.\u00a0<\/span><\/p>\n<p style=\"text-align: justify;\"><span style=\"font-weight: 400;\">Enguany\u00a0 vol\u00edem millorar el seu funcionament i per aquesta ra\u00f3 hav\u00edem pensat aconseguir, per a cada nivell, una \u201c petita biblioteca\u201d, que no hagu\u00e9s estat possible sense la implicaci\u00f3 de l&#8217;AMPA Hip\u00e0tia. Gr\u00e0cies de cor.<\/span><\/p>\n<p><img loading=\"lazy\" decoding=\"async\" class=\"alignleft size-full wp-image-10681\" src=\"https:\/\/agora.xtec.cat\/insllicamunt2\/wp-content\/uploads\/usu1100\/2019\/11\/IMG_20191031_105931-4_opt_opt.jpg\" alt=\"\" width=\"400\" height=\"300\" srcset=\"https:\/\/agora.xtec.cat\/insllicamunt2\/wp-content\/uploads\/usu1100\/2019\/11\/IMG_20191031_105931-4_opt_opt.jpg 400w, https:\/\/agora.xtec.cat\/insllicamunt2\/wp-content\/uploads\/usu1100\/2019\/11\/IMG_20191031_105931-4_opt_opt-300x225.jpg 300w, https:\/\/agora.xtec.cat\/insllicamunt2\/wp-content\/uploads\/usu1100\/2019\/11\/IMG_20191031_105931-4_opt_opt-200x150.jpg 200w\" sizes=\"auto, (max-width: 400px) 100vw, 400px\" \/> <img loading=\"lazy\" decoding=\"async\" class=\"alignleft size-full wp-image-10682\" src=\"https:\/\/agora.xtec.cat\/insllicamunt2\/wp-content\/uploads\/usu1100\/2019\/11\/IMG_20191031_105926-1_opt.jpg\" alt=\"\" width=\"400\" height=\"300\" srcset=\"https:\/\/agora.xtec.cat\/insllicamunt2\/wp-content\/uploads\/usu1100\/2019\/11\/IMG_20191031_105926-1_opt.jpg 400w, https:\/\/agora.xtec.cat\/insllicamunt2\/wp-content\/uploads\/usu1100\/2019\/11\/IMG_20191031_105926-1_opt-300x225.jpg 300w, https:\/\/agora.xtec.cat\/insllicamunt2\/wp-content\/uploads\/usu1100\/2019\/11\/IMG_20191031_105926-1_opt-200x150.jpg 200w\" sizes=\"auto, (max-width: 400px) 100vw, 400px\" \/><\/p>\n<p>&nbsp;<\/p>\n<p>&nbsp;<\/p>\n<p>&nbsp;<\/p>\n<p>&nbsp;<\/p>\n<p>&nbsp;<\/p>\n<p>&nbsp;<\/p>\n<p>&nbsp;<\/p>\n<p>&nbsp;<\/p>\n","protected":false},"excerpt":{"rendered":"<p>Aquest comen\u00e7ament de curs els pares i mares de l&#8217;AMPA ens han obsequiat amb un lot molt exquisit de llibres juvenils per a la lecthora.<br \/>\nL\u2019institut Hip\u00e0tia d\u2019Alexandria\u00a0 promou l\u2019aprenentatge de la comprensi\u00f3 lectora mitjan\u00e7ant uns minuts diaris de lectura a l\u2019aula, des de 1r d\u2019ESO&hellip;  <a href=\"https:\/\/agora.xtec.cat\/insllicamunt2\/el-far-dhipatia\/grups\/agraiment-a-lampa\/\" title=\"Read Agra\u00efment a l&#8217;AMPA\">Llegeix m\u00e9s\u00bb<\/a><\/p>\n","protected":false},"author":1,"featured_media":10682,"comment_status":"open","ping_status":"closed","sticky":false,"template":"","format":"standard","meta":{"_bbp_topic_count":0,"_bbp_reply_count":0,"_bbp_total_topic_count":0,"_bbp_total_reply_count":0,"_bbp_voice_count":0,"_bbp_anonymous_reply_count":0,"_bbp_topic_count_hidden":0,"_bbp_reply_count_hidden":0,"_bbp_forum_subforum_count":0,"footnotes":""},"categories":[4,5,6,7,408,1041,99,401,1040,3,98,29],"tags":[31,1282,1737],"class_list":["post-10678","post","type-post","status-publish","format-standard","has-post-thumbnail","hentry","category-1r-deso","category-2n-deso","category-3r-deso","category-4t-deso","category-al-voltant-de-la-lectura","category-ampa","category-articles","category-la-biblioteca-dalexandria","category-el-far-dhipatia","category-grups","category-noticies-breus","category-portada","tag-ampa","tag-eso","tag-lecthora"],"post_mailing_queue_ids":[],"_links":{"self":[{"href":"https:\/\/agora.xtec.cat\/insllicamunt2\/wp-json\/wp\/v2\/posts\/10678","targetHints":{"allow":["GET"]}}],"collection":[{"href":"https:\/\/agora.xtec.cat\/insllicamunt2\/wp-json\/wp\/v2\/posts"}],"about":[{"href":"https:\/\/agora.xtec.cat\/insllicamunt2\/wp-json\/wp\/v2\/types\/post"}],"author":[{"embeddable":true,"href":"https:\/\/agora.xtec.cat\/insllicamunt2\/wp-json\/wp\/v2\/users\/1"}],"replies":[{"embeddable":true,"href":"https:\/\/agora.xtec.cat\/insllicamunt2\/wp-json\/wp\/v2\/comments?post=10678"}],"version-history":[{"count":3,"href":"https:\/\/agora.xtec.cat\/insllicamunt2\/wp-json\/wp\/v2\/posts\/10678\/revisions"}],"predecessor-version":[{"id":10687,"href":"https:\/\/agora.xtec.cat\/insllicamunt2\/wp-json\/wp\/v2\/posts\/10678\/revisions\/10687"}],"wp:featuredmedia":[{"embeddable":true,"href":"https:\/\/agora.xtec.cat\/insllicamunt2\/wp-json\/wp\/v2\/media\/10682"}],"wp:attachment":[{"href":"https:\/\/agora.xtec.cat\/insllicamunt2\/wp-json\/wp\/v2\/media?parent=10678"}],"wp:term":[{"taxonomy":"category","embeddable":true,"href":"https:\/\/agora.xtec.cat\/insllicamunt2\/wp-json\/wp\/v2\/categories?post=10678"},{"taxonomy":"post_tag","embeddable":true,"href":"https:\/\/agora.xtec.cat\/insllicamunt2\/wp-json\/wp\/v2\/tags?post=10678"}],"curies":[{"name":"wp","href":"https:\/\/api.w.org\/{rel}","templated":true}]}}