{"id":10350,"date":"2019-10-08T08:52:23","date_gmt":"2019-10-08T06:52:23","guid":{"rendered":"http:\/\/agora.xtec.cat\/insllicamunt2\/?p=10350"},"modified":"2019-10-30T12:43:22","modified_gmt":"2019-10-30T11:43:22","slug":"contes-amb-sandra-rossi","status":"publish","type":"post","link":"https:\/\/agora.xtec.cat\/insllicamunt2\/el-far-dhipatia\/grups\/contes-amb-sandra-rossi\/","title":{"rendered":"Contes amb Sandra Rossi"},"content":{"rendered":"<p>Els alumnes de 1r d&#8217;ESO, divendres 4 d&#8217;octubre, han tornat a la biblioteca. Aquesta vegada els esperava la coneguda actriu argentino-catalana Sandra Rossi<\/p>\n<p>La Sandra Rossi, amb molt d\u2019humor per\u00f2 tamb\u00e9 amb tendresa, els ha endinsat en el m\u00f3n dels contes amb una facilitat aclaparadora.<\/p>\n<p>Un espectacle de narraci\u00f3 oral en clau d\u2019humor, emoci\u00f3 i sinceritat, on la Sandra Rossi els convida a un viatge que els ha encantat. Esperem tornar-la a veure ben aviat.<\/p>\n<p><img loading=\"lazy\" decoding=\"async\" class=\"aligncenter size-full wp-image-10356\" src=\"https:\/\/agora.xtec.cat\/insllicamunt2\/wp-content\/uploads\/usu1100\/2019\/10\/result.jpg\" alt=\"\" width=\"400\" height=\"300\" srcset=\"https:\/\/agora.xtec.cat\/insllicamunt2\/wp-content\/uploads\/usu1100\/2019\/10\/result.jpg 400w, https:\/\/agora.xtec.cat\/insllicamunt2\/wp-content\/uploads\/usu1100\/2019\/10\/result-300x225.jpg 300w, https:\/\/agora.xtec.cat\/insllicamunt2\/wp-content\/uploads\/usu1100\/2019\/10\/result-200x150.jpg 200w\" sizes=\"auto, (max-width: 400px) 100vw, 400px\" \/><\/p>\n<p><img loading=\"lazy\" decoding=\"async\" class=\"aligncenter wp-image-10353 size-full\" src=\"https:\/\/agora.xtec.cat\/insllicamunt2\/wp-content\/uploads\/usu1100\/2019\/10\/IMG-6700-e1570517222891.jpg\" alt=\"\" width=\"3024\" height=\"4032\" srcset=\"https:\/\/agora.xtec.cat\/insllicamunt2\/wp-content\/uploads\/usu1100\/2019\/10\/IMG-6700-e1570517222891.jpg 3024w, https:\/\/agora.xtec.cat\/insllicamunt2\/wp-content\/uploads\/usu1100\/2019\/10\/IMG-6700-e1570517222891-225x300.jpg 225w, https:\/\/agora.xtec.cat\/insllicamunt2\/wp-content\/uploads\/usu1100\/2019\/10\/IMG-6700-e1570517222891-768x1024.jpg 768w\" sizes=\"auto, (max-width: 3024px) 100vw, 3024px\" \/><img loading=\"lazy\" decoding=\"async\" class=\"aligncenter size-full wp-image-10354\" src=\"https:\/\/agora.xtec.cat\/insllicamunt2\/wp-content\/uploads\/usu1100\/2019\/10\/IMG-6702-e1570517102376.jpg\" alt=\"\" width=\"3024\" height=\"4032\" srcset=\"https:\/\/agora.xtec.cat\/insllicamunt2\/wp-content\/uploads\/usu1100\/2019\/10\/IMG-6702-e1570517102376.jpg 3024w, https:\/\/agora.xtec.cat\/insllicamunt2\/wp-content\/uploads\/usu1100\/2019\/10\/IMG-6702-e1570517102376-225x300.jpg 225w, https:\/\/agora.xtec.cat\/insllicamunt2\/wp-content\/uploads\/usu1100\/2019\/10\/IMG-6702-e1570517102376-768x1024.jpg 768w\" sizes=\"auto, (max-width: 3024px) 100vw, 3024px\" \/><\/p>\n","protected":false},"excerpt":{"rendered":"<p>Espectacle de Sandra Rossi a Can Oliveras amb els alumnes de 1r d&#8217;ESO.&hellip;  <a href=\"https:\/\/agora.xtec.cat\/insllicamunt2\/el-far-dhipatia\/grups\/contes-amb-sandra-rossi\/\" title=\"Read Contes amb Sandra Rossi\">Llegeix m\u00e9s\u00bb<\/a><\/p>\n","protected":false},"author":1,"featured_media":10352,"comment_status":"open","ping_status":"closed","sticky":false,"template":"","format":"standard","meta":{"_bbp_topic_count":0,"_bbp_reply_count":0,"_bbp_total_topic_count":0,"_bbp_total_reply_count":0,"_bbp_voice_count":0,"_bbp_anonymous_reply_count":0,"_bbp_topic_count_hidden":0,"_bbp_reply_count_hidden":0,"_bbp_forum_subforum_count":0,"footnotes":""},"categories":[4,408,99,401,348,1040,3,346,98,29],"tags":[1695,730,965,901],"class_list":["post-10350","post","type-post","status-publish","format-standard","has-post-thumbnail","hentry","category-1r-deso","category-al-voltant-de-la-lectura","category-articles","category-la-biblioteca-dalexandria","category-castella","category-el-far-dhipatia","category-grups","category-materies","category-noticies-breus","category-portada","tag-1r-eso","tag-biblioteca-ca-loliveres","tag-biblioteca-dalexandria","tag-lengua-castellana"],"post_mailing_queue_ids":[],"_links":{"self":[{"href":"https:\/\/agora.xtec.cat\/insllicamunt2\/wp-json\/wp\/v2\/posts\/10350","targetHints":{"allow":["GET"]}}],"collection":[{"href":"https:\/\/agora.xtec.cat\/insllicamunt2\/wp-json\/wp\/v2\/posts"}],"about":[{"href":"https:\/\/agora.xtec.cat\/insllicamunt2\/wp-json\/wp\/v2\/types\/post"}],"author":[{"embeddable":true,"href":"https:\/\/agora.xtec.cat\/insllicamunt2\/wp-json\/wp\/v2\/users\/1"}],"replies":[{"embeddable":true,"href":"https:\/\/agora.xtec.cat\/insllicamunt2\/wp-json\/wp\/v2\/comments?post=10350"}],"version-history":[{"count":2,"href":"https:\/\/agora.xtec.cat\/insllicamunt2\/wp-json\/wp\/v2\/posts\/10350\/revisions"}],"predecessor-version":[{"id":10357,"href":"https:\/\/agora.xtec.cat\/insllicamunt2\/wp-json\/wp\/v2\/posts\/10350\/revisions\/10357"}],"wp:featuredmedia":[{"embeddable":true,"href":"https:\/\/agora.xtec.cat\/insllicamunt2\/wp-json\/wp\/v2\/media\/10352"}],"wp:attachment":[{"href":"https:\/\/agora.xtec.cat\/insllicamunt2\/wp-json\/wp\/v2\/media?parent=10350"}],"wp:term":[{"taxonomy":"category","embeddable":true,"href":"https:\/\/agora.xtec.cat\/insllicamunt2\/wp-json\/wp\/v2\/categories?post=10350"},{"taxonomy":"post_tag","embeddable":true,"href":"https:\/\/agora.xtec.cat\/insllicamunt2\/wp-json\/wp\/v2\/tags?post=10350"}],"curies":[{"name":"wp","href":"https:\/\/api.w.org\/{rel}","templated":true}]}}