{"id":10339,"date":"2019-09-16T18:32:44","date_gmt":"2019-09-16T16:32:44","guid":{"rendered":"http:\/\/agora.xtec.cat\/insllicamunt2\/?p=10339"},"modified":"2019-10-30T12:43:29","modified_gmt":"2019-10-30T11:43:29","slug":"comencem-el-curs-i-anem-a-la-biblioteca","status":"publish","type":"post","link":"https:\/\/agora.xtec.cat\/insllicamunt2\/no-classificat\/comencem-el-curs-i-anem-a-la-biblioteca\/","title":{"rendered":"Comencem el curs i anem a la Biblioteca"},"content":{"rendered":"<p>Aquesta primera setmana de curs l&#8217;hem aprofitat per oferir als alumnes de 1r de 2n d&#8217;ESO dues activitats a la biblioteca Ca n&#8217;Oliveres de Lli\u00e7\u00e0 d&#8217;Amunt.<\/p>\n<p style=\"text-align: justify;\">Amb els alumnes de 1r\u00a0 se&#8217;ls ha explicat el funcionament de la biblioteca del poble, les seves activitats i com cercar informaci\u00f3 sempre que ells la necessitin. \u00c9s una presentaci\u00f3 i alhora convit a seguir utilitzant aquest servei tant \u00fatil i necessari com \u00e9s la Biblioteca Municipal.<\/p>\n<p style=\"text-align: justify;\">Els alumnes de 2n d&#8217;ESO van tenir la sort d&#8217;aprofitar-se d&#8217;una activitat ben diferent i alhora enriquidora: L&#8217;impuls per la lectura, en la qual una gran professional acompanyada de la seva guitarra, com si d&#8217;un trobador es tract\u00e9s, els anava endinsant en diferents hist\u00f2ries de llibres interessants, alguns dels quals van despertar tant inter\u00e8s que de ben segur esdevindran les seves futures lectures. Moltes gr\u00e0cies a la Carol Von Arend per la seva professionalitat i per saber captar l&#8217;atenci\u00f3 d&#8217;aquesta jovenalla que tots sabem no \u00e9s cosa f\u00e0cil.<\/p>\n<p style=\"text-align: justify;\"><img loading=\"lazy\" decoding=\"async\" class=\"aligncenter size-full wp-image-10345\" src=\"https:\/\/agora.xtec.cat\/insllicamunt2\/wp-content\/uploads\/usu1100\/2019\/09\/IMG-6627-e1569844087187.jpg\" alt=\"\" width=\"3024\" height=\"4032\" srcset=\"https:\/\/agora.xtec.cat\/insllicamunt2\/wp-content\/uploads\/usu1100\/2019\/09\/IMG-6627-e1569844087187.jpg 3024w, https:\/\/agora.xtec.cat\/insllicamunt2\/wp-content\/uploads\/usu1100\/2019\/09\/IMG-6627-e1569844087187-225x300.jpg 225w, https:\/\/agora.xtec.cat\/insllicamunt2\/wp-content\/uploads\/usu1100\/2019\/09\/IMG-6627-e1569844087187-768x1024.jpg 768w\" sizes=\"auto, (max-width: 3024px) 100vw, 3024px\" \/><img loading=\"lazy\" decoding=\"async\" class=\"aligncenter wp-image-10342 size-full\" src=\"https:\/\/agora.xtec.cat\/insllicamunt2\/wp-content\/uploads\/usu1100\/2019\/09\/IMG-6623-e1569844176773.jpg\" alt=\"\" width=\"3024\" height=\"4032\" srcset=\"https:\/\/agora.xtec.cat\/insllicamunt2\/wp-content\/uploads\/usu1100\/2019\/09\/IMG-6623-e1569844176773.jpg 3024w, https:\/\/agora.xtec.cat\/insllicamunt2\/wp-content\/uploads\/usu1100\/2019\/09\/IMG-6623-e1569844176773-225x300.jpg 225w, https:\/\/agora.xtec.cat\/insllicamunt2\/wp-content\/uploads\/usu1100\/2019\/09\/IMG-6623-e1569844176773-768x1024.jpg 768w\" sizes=\"auto, (max-width: 3024px) 100vw, 3024px\" \/><img loading=\"lazy\" decoding=\"async\" class=\"aligncenter size-full wp-image-10343\" src=\"https:\/\/agora.xtec.cat\/insllicamunt2\/wp-content\/uploads\/usu1100\/2019\/09\/IMG-6625.jpg\" alt=\"\" width=\"4032\" height=\"3024\" srcset=\"https:\/\/agora.xtec.cat\/insllicamunt2\/wp-content\/uploads\/usu1100\/2019\/09\/IMG-6625.jpg 4032w, https:\/\/agora.xtec.cat\/insllicamunt2\/wp-content\/uploads\/usu1100\/2019\/09\/IMG-6625-300x225.jpg 300w, https:\/\/agora.xtec.cat\/insllicamunt2\/wp-content\/uploads\/usu1100\/2019\/09\/IMG-6625-768x576.jpg 768w, https:\/\/agora.xtec.cat\/insllicamunt2\/wp-content\/uploads\/usu1100\/2019\/09\/IMG-6625-1024x768.jpg 1024w, https:\/\/agora.xtec.cat\/insllicamunt2\/wp-content\/uploads\/usu1100\/2019\/09\/IMG-6625-200x150.jpg 200w\" sizes=\"auto, (max-width: 4032px) 100vw, 4032px\" \/><\/p>\n","protected":false},"excerpt":{"rendered":"<p>Els alumnes de 1r d&#8217;ESO i 2n d&#8217;ESO van a la Biblioteca de Can Oliveres.&hellip;  <a href=\"https:\/\/agora.xtec.cat\/insllicamunt2\/no-classificat\/comencem-el-curs-i-anem-a-la-biblioteca\/\" title=\"Read Comencem el curs i anem a la Biblioteca\">Llegeix m\u00e9s\u00bb<\/a><\/p>\n","protected":false},"author":1,"featured_media":10345,"comment_status":"open","ping_status":"closed","sticky":false,"template":"","format":"standard","meta":{"_bbp_topic_count":0,"_bbp_reply_count":0,"_bbp_total_topic_count":0,"_bbp_total_reply_count":0,"_bbp_voice_count":0,"_bbp_anonymous_reply_count":0,"_bbp_topic_count_hidden":0,"_bbp_reply_count_hidden":0,"_bbp_forum_subforum_count":0,"footnotes":""},"categories":[4,5,94,408,99,401,1,98,29],"tags":[998,284,730],"class_list":["post-10339","post","type-post","status-publish","format-standard","has-post-thumbnail","hentry","category-1r-deso","category-2n-deso","category-activitats-fora-del-centre","category-al-voltant-de-la-lectura","category-articles","category-la-biblioteca-dalexandria","category-no-classificat","category-noticies-breus","category-portada","tag-1r-deso","tag-2n-deso","tag-biblioteca-ca-loliveres"],"post_mailing_queue_ids":[],"_links":{"self":[{"href":"https:\/\/agora.xtec.cat\/insllicamunt2\/wp-json\/wp\/v2\/posts\/10339","targetHints":{"allow":["GET"]}}],"collection":[{"href":"https:\/\/agora.xtec.cat\/insllicamunt2\/wp-json\/wp\/v2\/posts"}],"about":[{"href":"https:\/\/agora.xtec.cat\/insllicamunt2\/wp-json\/wp\/v2\/types\/post"}],"author":[{"embeddable":true,"href":"https:\/\/agora.xtec.cat\/insllicamunt2\/wp-json\/wp\/v2\/users\/1"}],"replies":[{"embeddable":true,"href":"https:\/\/agora.xtec.cat\/insllicamunt2\/wp-json\/wp\/v2\/comments?post=10339"}],"version-history":[{"count":2,"href":"https:\/\/agora.xtec.cat\/insllicamunt2\/wp-json\/wp\/v2\/posts\/10339\/revisions"}],"predecessor-version":[{"id":10346,"href":"https:\/\/agora.xtec.cat\/insllicamunt2\/wp-json\/wp\/v2\/posts\/10339\/revisions\/10346"}],"wp:featuredmedia":[{"embeddable":true,"href":"https:\/\/agora.xtec.cat\/insllicamunt2\/wp-json\/wp\/v2\/media\/10345"}],"wp:attachment":[{"href":"https:\/\/agora.xtec.cat\/insllicamunt2\/wp-json\/wp\/v2\/media?parent=10339"}],"wp:term":[{"taxonomy":"category","embeddable":true,"href":"https:\/\/agora.xtec.cat\/insllicamunt2\/wp-json\/wp\/v2\/categories?post=10339"},{"taxonomy":"post_tag","embeddable":true,"href":"https:\/\/agora.xtec.cat\/insllicamunt2\/wp-json\/wp\/v2\/tags?post=10339"}],"curies":[{"name":"wp","href":"https:\/\/api.w.org\/{rel}","templated":true}]}}