{"id":10306,"date":"2019-07-01T21:35:43","date_gmt":"2019-07-01T19:35:43","guid":{"rendered":"http:\/\/agora.xtec.cat\/insllicamunt2\/?p=10306"},"modified":"2019-10-30T12:43:33","modified_gmt":"2019-10-30T11:43:33","slug":"balanc-del-tenes-18-19","status":"publish","type":"post","link":"https:\/\/agora.xtec.cat\/insllicamunt2\/no-classificat\/balanc-del-tenes-18-19\/","title":{"rendered":"Balan\u00e7 del Tenes 18-19"},"content":{"rendered":"<p>Ara que estem tancant el curs i amb els ulls posats en el proper \u00e9s moment de reflexionar, valorar i compartir els fruits dels projectes al voltant del Tenes m\u00e9s enll\u00e0 de la immediatesa que ens ofereix el twitter (i del que us convidem a fer-ne seguiment si no ho feu encara).<\/p>\n<p><img loading=\"lazy\" decoding=\"async\" class=\"wp-image-10309 alignright\" src=\"https:\/\/agora.xtec.cat\/insllicamunt2\/wp-content\/uploads\/usu1100\/2019\/07\/1.jpg\" alt=\"\" width=\"441\" height=\"331\" srcset=\"https:\/\/agora.xtec.cat\/insllicamunt2\/wp-content\/uploads\/usu1100\/2019\/07\/1.jpg 640w, https:\/\/agora.xtec.cat\/insllicamunt2\/wp-content\/uploads\/usu1100\/2019\/07\/1-300x225.jpg 300w, https:\/\/agora.xtec.cat\/insllicamunt2\/wp-content\/uploads\/usu1100\/2019\/07\/1-200x150.jpg 200w\" sizes=\"auto, (max-width: 441px) 100vw, 441px\" \/><\/p>\n<p>&nbsp;<\/p>\n<p>&nbsp;<\/p>\n<p><em>Comiat de la promoci\u00f3 de 4t d&#8217;ESO 2015-2019 al voltant del pi que deixen de testimoni. <img loading=\"lazy\" decoding=\"async\" class=\"wp-image-10321 alignleft\" src=\"https:\/\/agora.xtec.cat\/insllicamunt2\/wp-content\/uploads\/usu1100\/2019\/07\/16.jpg\" alt=\"\" width=\"464\" height=\"348\" srcset=\"https:\/\/agora.xtec.cat\/insllicamunt2\/wp-content\/uploads\/usu1100\/2019\/07\/16.jpg 640w, https:\/\/agora.xtec.cat\/insllicamunt2\/wp-content\/uploads\/usu1100\/2019\/07\/16-300x225.jpg 300w, https:\/\/agora.xtec.cat\/insllicamunt2\/wp-content\/uploads\/usu1100\/2019\/07\/16-200x150.jpg 200w\" sizes=\"auto, (max-width: 464px) 100vw, 464px\" \/><\/em><\/p>\n<p>&nbsp;<\/p>\n<p>&nbsp;<\/p>\n<p>&nbsp;<\/p>\n<p>&nbsp;<\/p>\n<p>&nbsp;<\/p>\n<p>&nbsp;<\/p>\n<p>&nbsp;<\/p>\n<p><em>Moment de l&#8217;acte <\/em>Poesia al Tenes<em> amb composicions pr\u00f2pies dels alumnes.<\/em><\/p>\n<p>&nbsp;<\/p>\n<p>&nbsp;<\/p>\n<p>&nbsp;<\/p>\n<p>&nbsp;<\/p>\n<p>Ha estat un curs intens i el riu ha tornat a tenir un paper important. Ha tornat a ser l&#8217;eix integrador d&#8217;alumnes i professorat nou dins i fora de l&#8217;Hip\u00e0tia. <img loading=\"lazy\" decoding=\"async\" class=\"aligncenter size-full wp-image-10320\" src=\"https:\/\/agora.xtec.cat\/insllicamunt2\/wp-content\/uploads\/usu1100\/2019\/07\/15.jpg\" alt=\"\" width=\"640\" height=\"179\" srcset=\"https:\/\/agora.xtec.cat\/insllicamunt2\/wp-content\/uploads\/usu1100\/2019\/07\/15.jpg 640w, https:\/\/agora.xtec.cat\/insllicamunt2\/wp-content\/uploads\/usu1100\/2019\/07\/15-300x84.jpg 300w\" sizes=\"auto, (max-width: 640px) 100vw, 640px\" \/><\/p>\n<p>El projecte transversal de centre, <em>Vivim el Tenes 18-19, <\/em>ha tornat a mobilitzar tot l&#8217;alumnat de 1r, 2n i 3r: <img loading=\"lazy\" decoding=\"async\" class=\"aligncenter wp-image-10311\" src=\"https:\/\/agora.xtec.cat\/insllicamunt2\/wp-content\/uploads\/usu1100\/2019\/07\/3.jpg\" alt=\"\" width=\"444\" height=\"334\" srcset=\"https:\/\/agora.xtec.cat\/insllicamunt2\/wp-content\/uploads\/usu1100\/2019\/07\/3.jpg 640w, https:\/\/agora.xtec.cat\/insllicamunt2\/wp-content\/uploads\/usu1100\/2019\/07\/3-300x225.jpg 300w, https:\/\/agora.xtec.cat\/insllicamunt2\/wp-content\/uploads\/usu1100\/2019\/07\/3-200x150.jpg 200w\" sizes=\"auto, (max-width: 444px) 100vw, 444px\" \/><img loading=\"lazy\" decoding=\"async\" class=\"aligncenter wp-image-10317\" src=\"https:\/\/agora.xtec.cat\/insllicamunt2\/wp-content\/uploads\/usu1100\/2019\/07\/11.jpg\" alt=\"\" width=\"513\" height=\"385\" srcset=\"https:\/\/agora.xtec.cat\/insllicamunt2\/wp-content\/uploads\/usu1100\/2019\/07\/11.jpg 640w, https:\/\/agora.xtec.cat\/insllicamunt2\/wp-content\/uploads\/usu1100\/2019\/07\/11-300x225.jpg 300w, https:\/\/agora.xtec.cat\/insllicamunt2\/wp-content\/uploads\/usu1100\/2019\/07\/11-200x150.jpg 200w\" sizes=\"auto, (max-width: 513px) 100vw, 513px\" \/> <img loading=\"lazy\" decoding=\"async\" class=\"aligncenter wp-image-10312\" src=\"https:\/\/agora.xtec.cat\/insllicamunt2\/wp-content\/uploads\/usu1100\/2019\/07\/5.jpg\" alt=\"\" width=\"311\" height=\"414\" srcset=\"https:\/\/agora.xtec.cat\/insllicamunt2\/wp-content\/uploads\/usu1100\/2019\/07\/5.jpg 480w, https:\/\/agora.xtec.cat\/insllicamunt2\/wp-content\/uploads\/usu1100\/2019\/07\/5-225x300.jpg 225w\" sizes=\"auto, (max-width: 311px) 100vw, 311px\" \/><img loading=\"lazy\" decoding=\"async\" class=\"aligncenter size-full wp-image-10318\" src=\"https:\/\/agora.xtec.cat\/insllicamunt2\/wp-content\/uploads\/usu1100\/2019\/07\/12.jpg\" alt=\"\" width=\"640\" height=\"361\" srcset=\"https:\/\/agora.xtec.cat\/insllicamunt2\/wp-content\/uploads\/usu1100\/2019\/07\/12.jpg 640w, https:\/\/agora.xtec.cat\/insllicamunt2\/wp-content\/uploads\/usu1100\/2019\/07\/12-300x169.jpg 300w\" sizes=\"auto, (max-width: 640px) 100vw, 640px\" \/><em> Activitats durant el <\/em>Vivim el Tenes 18-19.<\/p>\n<p><img loading=\"lazy\" decoding=\"async\" class=\"wp-image-10313 alignleft\" src=\"https:\/\/agora.xtec.cat\/insllicamunt2\/wp-content\/uploads\/usu1100\/2019\/07\/6.jpg\" alt=\"\" width=\"503\" height=\"377\" srcset=\"https:\/\/agora.xtec.cat\/insllicamunt2\/wp-content\/uploads\/usu1100\/2019\/07\/6.jpg 640w, https:\/\/agora.xtec.cat\/insllicamunt2\/wp-content\/uploads\/usu1100\/2019\/07\/6-300x225.jpg 300w, https:\/\/agora.xtec.cat\/insllicamunt2\/wp-content\/uploads\/usu1100\/2019\/07\/6-200x150.jpg 200w\" sizes=\"auto, (max-width: 503px) 100vw, 503px\" \/> <img loading=\"lazy\" decoding=\"async\" class=\"wp-image-10314 alignright\" src=\"https:\/\/agora.xtec.cat\/insllicamunt2\/wp-content\/uploads\/usu1100\/2019\/07\/7.jpg\" alt=\"\" width=\"448\" height=\"336\" srcset=\"https:\/\/agora.xtec.cat\/insllicamunt2\/wp-content\/uploads\/usu1100\/2019\/07\/7.jpg 640w, https:\/\/agora.xtec.cat\/insllicamunt2\/wp-content\/uploads\/usu1100\/2019\/07\/7-300x225.jpg 300w, https:\/\/agora.xtec.cat\/insllicamunt2\/wp-content\/uploads\/usu1100\/2019\/07\/7-200x150.jpg 200w\" sizes=\"auto, (max-width: 448px) 100vw, 448px\" \/><\/p>\n<p>&nbsp;<\/p>\n<p>&nbsp;<\/p>\n<p>&nbsp;<\/p>\n<p>&nbsp;<\/p>\n<p><em>Alumnes participants en la segona edici\u00f3 de la Fira Tenes del mes de maig passat.<\/em><\/p>\n<p>&nbsp;<\/p>\n<p>&nbsp;<\/p>\n<p>&nbsp;<\/p>\n<p>&nbsp;<\/p>\n<p><em>Alumnes de <\/em>El Tenes riu<em>, el projecte del servei comunitari.<\/em><\/p>\n<p>&nbsp;<\/p>\n<p>&nbsp;<\/p>\n<p>&nbsp;<\/p>\n<p>&nbsp;<\/p>\n<p>&nbsp;<\/p>\n<p>Al voltant del Tenes hi hem tornat a fer ci\u00e8ncia, esport, poesia, neteja i an\u00e0lisi, conviv\u00e8ncia, integraci\u00f3, cohesi\u00f3, arrelament&#8230; i tot des de la viv\u00e8ncia i l&#8217;experimentaci\u00f3. \u00c9s per tot aix\u00f2, i perqu\u00e8 fa m\u00e9s de 6 cursos que el riu i l&#8217;entorn \u00e9s un dels nostres marcs de refer\u00e8ncia que el Departament d&#8217;Educaci\u00f3 ha reconegut el projecte dins el marc de la innovaci\u00f3 educativa. L&#8217;hem pogut explicar als representants dels CRP de tot Catalunya com a exemple de qualitat al voltant de l&#8217;<em>Apadrinem un element del patrimoni. <\/em><\/p>\n<p><img loading=\"lazy\" decoding=\"async\" class=\"aligncenter size-full wp-image-10319\" src=\"https:\/\/agora.xtec.cat\/insllicamunt2\/wp-content\/uploads\/usu1100\/2019\/07\/14.jpg\" alt=\"\" width=\"640\" height=\"360\" srcset=\"https:\/\/agora.xtec.cat\/insllicamunt2\/wp-content\/uploads\/usu1100\/2019\/07\/14.jpg 640w, https:\/\/agora.xtec.cat\/insllicamunt2\/wp-content\/uploads\/usu1100\/2019\/07\/14-300x169.jpg 300w\" sizes=\"auto, (max-width: 640px) 100vw, 640px\" \/><em>Activitat PAE d&#8217;anellament d&#8217;aus amb Rafael Gonz\u00e1lez.<\/em><\/p>\n<p>Aquest curs, a m\u00e9s, l&#8217;alumnat de Biologia i Geologia de 4t tamb\u00e9 ha deixat testimoni a la Bassa de Can Duny\u00f3 amb un v\u00eddeo sobre les aus migrat\u00f2ries que es podr\u00e0 veure a partir d&#8217;un enlla\u00e7 QR que l&#8217;ajuntament posar\u00e0 per a que els visitants de la bassa el puguin veure i entendre la import\u00e0ncia d&#8217;aquest espai de recent creaci\u00f3 al municipi.<\/p>\n<p><img loading=\"lazy\" decoding=\"async\" class=\"wp-image-10324 alignleft\" src=\"https:\/\/agora.xtec.cat\/insllicamunt2\/wp-content\/uploads\/usu1100\/2019\/07\/17.jpg\" alt=\"\" width=\"549\" height=\"412\" srcset=\"https:\/\/agora.xtec.cat\/insllicamunt2\/wp-content\/uploads\/usu1100\/2019\/07\/17.jpg 640w, https:\/\/agora.xtec.cat\/insllicamunt2\/wp-content\/uploads\/usu1100\/2019\/07\/17-300x225.jpg 300w, https:\/\/agora.xtec.cat\/insllicamunt2\/wp-content\/uploads\/usu1100\/2019\/07\/17-200x150.jpg 200w\" sizes=\"auto, (max-width: 549px) 100vw, 549px\" \/><\/p>\n<p>&nbsp;<\/p>\n<p>&nbsp;<\/p>\n<p>&nbsp;<\/p>\n<p><em>Moment de la projecci\u00f3 del v\u00eddeo durant la cerim\u00f2nia de comiat de 4t.<\/em><\/p>\n<p>&nbsp;<\/p>\n<p>&nbsp;<\/p>\n<p>&nbsp;<\/p>\n<p>&nbsp;<\/p>\n<p>&nbsp;<\/p>\n<p>La valoraci\u00f3 de totes les activitats \u00e9s molt positiva, es consoliden, se n&#8217;inicien de noves i es demostra que el projecte \u00e9s ben viu i obt\u00e9 fruits.<\/p>\n<p>Des d&#8217;aqu\u00ed tamb\u00e9 volem tornar a agrair el paper dels agents externs i la seva implicaci\u00f3 en el projecte. Moltes gr\u00e0cies a Protecci\u00f3 civil del municipi, a la regidoria de Medi Ambient de l&#8217;Ajuntament, a l&#8217;Associaci\u00f3 H\u00e0bitats i al suport del CRP IV pel seu acompanyament.<\/p>\n<p>&nbsp;<\/p>\n<p>&nbsp;<\/p>\n<p>&nbsp;<\/p>\n<p>&nbsp;<\/p>\n<p>&nbsp;<\/p>\n","protected":false},"excerpt":{"rendered":"<p>Ara que estem tancant el curs i amb els ulls posats en el proper \u00e9s moment de reflexionar, valorar i compartir els fruits dels projectes al voltant del Tenes m\u00e9s enll\u00e0 de la immediatesa que ens ofereix el twitter (i del que us convidem a&hellip;  <a href=\"https:\/\/agora.xtec.cat\/insllicamunt2\/no-classificat\/balanc-del-tenes-18-19\/\" title=\"Read Balan\u00e7 del Tenes 18-19\">Llegeix m\u00e9s\u00bb<\/a><\/p>\n","protected":false},"author":1,"featured_media":10310,"comment_status":"open","ping_status":"closed","sticky":false,"template":"","format":"standard","meta":{"_bbp_topic_count":0,"_bbp_reply_count":0,"_bbp_total_topic_count":0,"_bbp_total_reply_count":0,"_bbp_voice_count":0,"_bbp_anonymous_reply_count":0,"_bbp_topic_count_hidden":0,"_bbp_reply_count_hidden":0,"_bbp_forum_subforum_count":0,"footnotes":""},"categories":[93,101,94,800,99,1040,1,98,29],"tags":[793,1732,70,108,281,107],"class_list":["post-10306","post","type-post","status-publish","format-standard","has-post-thumbnail","hentry","category-activitats-daula","category-activitats-de-centre","category-activitats-fora-del-centre","category-apadrinem-el-riu-tenes","category-articles","category-el-far-dhipatia","category-no-classificat","category-noticies-breus","category-portada","tag-apadrinem-el-riu-tenes","tag-balanc","tag-llica-damunt","tag-riu","tag-riu-tenes","tag-tenes"],"post_mailing_queue_ids":[],"_links":{"self":[{"href":"https:\/\/agora.xtec.cat\/insllicamunt2\/wp-json\/wp\/v2\/posts\/10306","targetHints":{"allow":["GET"]}}],"collection":[{"href":"https:\/\/agora.xtec.cat\/insllicamunt2\/wp-json\/wp\/v2\/posts"}],"about":[{"href":"https:\/\/agora.xtec.cat\/insllicamunt2\/wp-json\/wp\/v2\/types\/post"}],"author":[{"embeddable":true,"href":"https:\/\/agora.xtec.cat\/insllicamunt2\/wp-json\/wp\/v2\/users\/1"}],"replies":[{"embeddable":true,"href":"https:\/\/agora.xtec.cat\/insllicamunt2\/wp-json\/wp\/v2\/comments?post=10306"}],"version-history":[{"count":3,"href":"https:\/\/agora.xtec.cat\/insllicamunt2\/wp-json\/wp\/v2\/posts\/10306\/revisions"}],"predecessor-version":[{"id":10327,"href":"https:\/\/agora.xtec.cat\/insllicamunt2\/wp-json\/wp\/v2\/posts\/10306\/revisions\/10327"}],"wp:featuredmedia":[{"embeddable":true,"href":"https:\/\/agora.xtec.cat\/insllicamunt2\/wp-json\/wp\/v2\/media\/10310"}],"wp:attachment":[{"href":"https:\/\/agora.xtec.cat\/insllicamunt2\/wp-json\/wp\/v2\/media?parent=10306"}],"wp:term":[{"taxonomy":"category","embeddable":true,"href":"https:\/\/agora.xtec.cat\/insllicamunt2\/wp-json\/wp\/v2\/categories?post=10306"},{"taxonomy":"post_tag","embeddable":true,"href":"https:\/\/agora.xtec.cat\/insllicamunt2\/wp-json\/wp\/v2\/tags?post=10306"}],"curies":[{"name":"wp","href":"https:\/\/api.w.org\/{rel}","templated":true}]}}