{"id":10276,"date":"2019-05-10T11:34:15","date_gmt":"2019-05-10T09:34:15","guid":{"rendered":"http:\/\/agora.xtec.cat\/insllicamunt2\/?p=10276"},"modified":"2019-10-30T12:43:54","modified_gmt":"2019-10-30T11:43:54","slug":"dia-deuropa","status":"publish","type":"post","link":"https:\/\/agora.xtec.cat\/insllicamunt2\/el-far-dhipatia\/grups\/dia-deuropa\/","title":{"rendered":"Dia d&#8217;Europa"},"content":{"rendered":"<div class=\"gmail_default\">Aquest dijous, 9 de maig s&#8217;ha celebrat el dia d&#8217;Europa i per aquest motiu alguns alumnes de 2n i 3r van regalar-nos una bonica exposici\u00f3 a l&#8217;Ateneu l&#8217;Alian\u00e7a al llarg de tot el dia.<\/div>\n<div class=\"gmail_default\"><\/div>\n<div class=\"gmail_default\">Durant aquest curs els alumnes de 3r d&#8217;ESO han estat fent una feina molt intensa, tant de recerca te\u00f2rica com d&#8217;experimentaci\u00f3 personal sobre la Uni\u00f3 Europea i concretament sobre tres pa\u00efsos: Holanda, It\u00e0lia i Alemanya, als que han viatjat . Alhora els alumnes de 2n d&#8217;ESO van viatjar al sud de Fran\u00e7a on van poder comprovar en primera persona all\u00f2 que van estar treballant durant el curs. A banda, un grup\u00a0 internivell ha treballat en el marc de l&#8217;ICE de la Universitat de Barcelona amb alumnes de l&#8217;Institut Pla Marcel de Cardedeu un projecte sobre l&#8217;experi\u00e8ncia dels joves i els viatges.<\/div>\n<div class=\"gmail_default\"><\/div>\n<div class=\"gmail_default\">Ara \u00e9s el moment de poder compartir la informaci\u00f3, l&#8217;experi\u00e8ncia i les compet\u00e8ncies que els nois i noies de l&#8217;Ins Hip\u00e0tia d&#8217;Alexandria han desenvolupat amb el Projecte Europe Day i \u00e9s per aquesta ra\u00f3 que hem volgut fer una mostra el dia d&#8217;Europa.<\/div>\n<div><\/div>\n<div><a href=\"https:\/\/agora.xtec.cat\/insllicamunt2\/wp-content\/uploads\/usu1100\/2019\/05\/IMG-20190510-WA0001.jpg\"><img loading=\"lazy\" decoding=\"async\" class=\"alignnone size-large wp-image-10277\" src=\"https:\/\/agora.xtec.cat\/insllicamunt2\/wp-content\/uploads\/usu1100\/2019\/05\/IMG-20190510-WA0001-1024x768.jpg\" alt=\"\" width=\"1024\" height=\"768\" srcset=\"https:\/\/agora.xtec.cat\/insllicamunt2\/wp-content\/uploads\/usu1100\/2019\/05\/IMG-20190510-WA0001-1024x768.jpg 1024w, https:\/\/agora.xtec.cat\/insllicamunt2\/wp-content\/uploads\/usu1100\/2019\/05\/IMG-20190510-WA0001-300x225.jpg 300w, https:\/\/agora.xtec.cat\/insllicamunt2\/wp-content\/uploads\/usu1100\/2019\/05\/IMG-20190510-WA0001-768x576.jpg 768w, https:\/\/agora.xtec.cat\/insllicamunt2\/wp-content\/uploads\/usu1100\/2019\/05\/IMG-20190510-WA0001-200x150.jpg 200w, https:\/\/agora.xtec.cat\/insllicamunt2\/wp-content\/uploads\/usu1100\/2019\/05\/IMG-20190510-WA0001.jpg 1599w\" sizes=\"auto, (max-width: 1024px) 100vw, 1024px\" \/><\/a> <a href=\"https:\/\/agora.xtec.cat\/insllicamunt2\/wp-content\/uploads\/usu1100\/2019\/05\/IMG-20190510-WA0002.jpg\"><img loading=\"lazy\" decoding=\"async\" class=\"alignnone size-large wp-image-10278\" src=\"https:\/\/agora.xtec.cat\/insllicamunt2\/wp-content\/uploads\/usu1100\/2019\/05\/IMG-20190510-WA0002-1024x768.jpg\" alt=\"\" width=\"1024\" height=\"768\" srcset=\"https:\/\/agora.xtec.cat\/insllicamunt2\/wp-content\/uploads\/usu1100\/2019\/05\/IMG-20190510-WA0002-1024x768.jpg 1024w, https:\/\/agora.xtec.cat\/insllicamunt2\/wp-content\/uploads\/usu1100\/2019\/05\/IMG-20190510-WA0002-300x225.jpg 300w, https:\/\/agora.xtec.cat\/insllicamunt2\/wp-content\/uploads\/usu1100\/2019\/05\/IMG-20190510-WA0002-768x576.jpg 768w, https:\/\/agora.xtec.cat\/insllicamunt2\/wp-content\/uploads\/usu1100\/2019\/05\/IMG-20190510-WA0002-200x150.jpg 200w, https:\/\/agora.xtec.cat\/insllicamunt2\/wp-content\/uploads\/usu1100\/2019\/05\/IMG-20190510-WA0002.jpg 1599w\" sizes=\"auto, (max-width: 1024px) 100vw, 1024px\" \/><\/a> <a href=\"https:\/\/agora.xtec.cat\/insllicamunt2\/wp-content\/uploads\/usu1100\/2019\/05\/IMG-20190510-WA0003.jpg\"><img loading=\"lazy\" decoding=\"async\" class=\"alignnone size-large wp-image-10279\" src=\"https:\/\/agora.xtec.cat\/insllicamunt2\/wp-content\/uploads\/usu1100\/2019\/05\/IMG-20190510-WA0003-1024x768.jpg\" alt=\"\" width=\"1024\" height=\"768\" srcset=\"https:\/\/agora.xtec.cat\/insllicamunt2\/wp-content\/uploads\/usu1100\/2019\/05\/IMG-20190510-WA0003-1024x768.jpg 1024w, https:\/\/agora.xtec.cat\/insllicamunt2\/wp-content\/uploads\/usu1100\/2019\/05\/IMG-20190510-WA0003-300x225.jpg 300w, https:\/\/agora.xtec.cat\/insllicamunt2\/wp-content\/uploads\/usu1100\/2019\/05\/IMG-20190510-WA0003-768x576.jpg 768w, https:\/\/agora.xtec.cat\/insllicamunt2\/wp-content\/uploads\/usu1100\/2019\/05\/IMG-20190510-WA0003-200x150.jpg 200w, https:\/\/agora.xtec.cat\/insllicamunt2\/wp-content\/uploads\/usu1100\/2019\/05\/IMG-20190510-WA0003.jpg 1599w\" sizes=\"auto, (max-width: 1024px) 100vw, 1024px\" \/><\/a> <a href=\"https:\/\/agora.xtec.cat\/insllicamunt2\/wp-content\/uploads\/usu1100\/2019\/05\/IMG-20190510-WA0004.jpg\"><img loading=\"lazy\" decoding=\"async\" class=\"alignnone size-large wp-image-10280\" src=\"https:\/\/agora.xtec.cat\/insllicamunt2\/wp-content\/uploads\/usu1100\/2019\/05\/IMG-20190510-WA0004-1024x768.jpg\" alt=\"\" width=\"1024\" height=\"768\" srcset=\"https:\/\/agora.xtec.cat\/insllicamunt2\/wp-content\/uploads\/usu1100\/2019\/05\/IMG-20190510-WA0004-1024x768.jpg 1024w, https:\/\/agora.xtec.cat\/insllicamunt2\/wp-content\/uploads\/usu1100\/2019\/05\/IMG-20190510-WA0004-300x225.jpg 300w, https:\/\/agora.xtec.cat\/insllicamunt2\/wp-content\/uploads\/usu1100\/2019\/05\/IMG-20190510-WA0004-768x576.jpg 768w, https:\/\/agora.xtec.cat\/insllicamunt2\/wp-content\/uploads\/usu1100\/2019\/05\/IMG-20190510-WA0004-200x150.jpg 200w, https:\/\/agora.xtec.cat\/insllicamunt2\/wp-content\/uploads\/usu1100\/2019\/05\/IMG-20190510-WA0004.jpg 1599w\" sizes=\"auto, (max-width: 1024px) 100vw, 1024px\" \/><\/a><a href=\"https:\/\/agora.xtec.cat\/insllicamunt2\/wp-content\/uploads\/usu1100\/2019\/05\/IMG_20190510_110524_opt-e1557480809929.jpg\"><img loading=\"lazy\" decoding=\"async\" class=\"size-full wp-image-10281 aligncenter\" src=\"https:\/\/agora.xtec.cat\/insllicamunt2\/wp-content\/uploads\/usu1100\/2019\/05\/IMG_20190510_110524_opt-e1557480809929.jpg\" alt=\"\" width=\"300\" height=\"400\" srcset=\"https:\/\/agora.xtec.cat\/insllicamunt2\/wp-content\/uploads\/usu1100\/2019\/05\/IMG_20190510_110524_opt-e1557480809929.jpg 300w, https:\/\/agora.xtec.cat\/insllicamunt2\/wp-content\/uploads\/usu1100\/2019\/05\/IMG_20190510_110524_opt-e1557480809929-225x300.jpg 225w\" sizes=\"auto, (max-width: 300px) 100vw, 300px\" \/><\/a><\/div>\n<div class=\"gmail_default\"><\/div>\n<div>Moltes gr\u00e0cies per compartir aquesta experi\u00e8ncia i per la gran feina que aquesta suposa. Endavant!!<\/div>\n","protected":false},"excerpt":{"rendered":"<p>Celebrem el dia d&#8217;EUROPA a l&#8217;Ateneu de l&#8217;Alian\u00e7a.&hellip;  <a href=\"https:\/\/agora.xtec.cat\/insllicamunt2\/el-far-dhipatia\/grups\/dia-deuropa\/\" title=\"Read Dia d&#8217;Europa\">Llegeix m\u00e9s\u00bb<\/a><\/p>\n","protected":false},"author":332,"featured_media":10281,"comment_status":"open","ping_status":"closed","sticky":false,"template":"","format":"standard","meta":{"_bbp_topic_count":0,"_bbp_reply_count":0,"_bbp_total_topic_count":0,"_bbp_total_reply_count":0,"_bbp_voice_count":0,"_bbp_anonymous_reply_count":0,"_bbp_topic_count_hidden":0,"_bbp_reply_count_hidden":0,"_bbp_forum_subforum_count":0,"footnotes":""},"categories":[5,6,94,351,350,99,348,1040,3,1677,346,98,29,399,95],"tags":[284,1692,1730,1729,1716,1218],"class_list":["post-10276","post","type-post","status-publish","format-standard","has-post-thumbnail","hentry","category-2n-deso","category-3r-deso","category-activitats-fora-del-centre","category-alemany","category-angles","category-articles","category-castella","category-el-far-dhipatia","category-grups","category-intercanvis","category-materies","category-noticies-breus","category-portada","category-projectes","category-viatges","tag-2n-deso","tag-3r-eso","tag-dia-europa","tag-intercanvis","tag-projecte-europa","tag-viatges"],"post_mailing_queue_ids":[],"_links":{"self":[{"href":"https:\/\/agora.xtec.cat\/insllicamunt2\/wp-json\/wp\/v2\/posts\/10276","targetHints":{"allow":["GET"]}}],"collection":[{"href":"https:\/\/agora.xtec.cat\/insllicamunt2\/wp-json\/wp\/v2\/posts"}],"about":[{"href":"https:\/\/agora.xtec.cat\/insllicamunt2\/wp-json\/wp\/v2\/types\/post"}],"author":[{"embeddable":true,"href":"https:\/\/agora.xtec.cat\/insllicamunt2\/wp-json\/wp\/v2\/users\/332"}],"replies":[{"embeddable":true,"href":"https:\/\/agora.xtec.cat\/insllicamunt2\/wp-json\/wp\/v2\/comments?post=10276"}],"version-history":[{"count":3,"href":"https:\/\/agora.xtec.cat\/insllicamunt2\/wp-json\/wp\/v2\/posts\/10276\/revisions"}],"predecessor-version":[{"id":10435,"href":"https:\/\/agora.xtec.cat\/insllicamunt2\/wp-json\/wp\/v2\/posts\/10276\/revisions\/10435"}],"wp:featuredmedia":[{"embeddable":true,"href":"https:\/\/agora.xtec.cat\/insllicamunt2\/wp-json\/wp\/v2\/media\/10281"}],"wp:attachment":[{"href":"https:\/\/agora.xtec.cat\/insllicamunt2\/wp-json\/wp\/v2\/media?parent=10276"}],"wp:term":[{"taxonomy":"category","embeddable":true,"href":"https:\/\/agora.xtec.cat\/insllicamunt2\/wp-json\/wp\/v2\/categories?post=10276"},{"taxonomy":"post_tag","embeddable":true,"href":"https:\/\/agora.xtec.cat\/insllicamunt2\/wp-json\/wp\/v2\/tags?post=10276"}],"curies":[{"name":"wp","href":"https:\/\/api.w.org\/{rel}","templated":true}]}}