{"id":10170,"date":"2019-03-04T16:51:56","date_gmt":"2019-03-04T15:51:56","guid":{"rendered":"http:\/\/agora.xtec.cat\/insllicamunt2\/?p=10170"},"modified":"2019-03-05T17:03:56","modified_gmt":"2019-03-05T16:03:56","slug":"servei-comunitari-a-4t","status":"publish","type":"post","link":"https:\/\/agora.xtec.cat\/insllicamunt2\/el-far-dhipatia\/grups\/servei-comunitari-a-4t\/","title":{"rendered":"Servei Comunitari a 4t: &#8220;El Tenes riu&#8221;"},"content":{"rendered":"<p>Aquest dissabte, dia 2 de mar\u00e7, ha tingut lloc la Primera matinal de Servei Comunitari &#8220;El Tenes Riu&#8221; amb 17 nois i noies de 4t dESO amb la intervenci\u00f3 al torrent i al riu.<\/p>\n<p style=\"text-align: justify;\">\u00c9s un dels cinc projectes del servei comunitari que es va implantar al centre al curs 2015-2016 inspirat en la filosofia d\u2019aprenentatge i servei. Pret\u00e9n acostar l\u2019alumnat al m\u00f3n de l\u2019associacionisme i que es vinculi de primera m\u00e0 a una de les entitats del municipi.<\/p>\n<p style=\"text-align: justify;\">En el cas de\u00a0<em>El Tenes riu<\/em>, es treballa conjuntament amb voluntaris de Protecci\u00f3 Civil de Lli\u00e7\u00e0 d\u2019Amunt, que supervisen les activitats de recollida de brossa i deixalles de la llera del riu Tenes al seu pas pel municipi. Gr\u00e0cies al projecte, aquesta entitat ha augmentat tamb\u00e9 el seu nombre de voluntaris i \u00e9s per a nosaltres un motiu de satisfacci\u00f3.<\/p>\n<p style=\"text-align: justify;\">Aquest servei comunitari s\u2019emmarca dins d\u2019un projecte de m\u00e9s volada, Apadrinem el riu Tenes, que pret\u00e9n donar a con\u00e8ixer el nostre alumnat una de les seves realitats m\u00e9s properes, la del seu riu, i conscienciar-lo de l\u2019inter\u00e8s natural, social i hist\u00f2ric que hi batega. L\u2019Ajuntament de Lli\u00e7a d\u2019Amunt tamb\u00e9 col\u00b7labora en el Projecte, tant en la formaci\u00f3 te\u00f2rica per part del seu t\u00e8cnic municipal de Medi ambient com en la gesti\u00f3 de la brossa que l\u2019alumnat ha apilat i classificat per traslladar-la a la deixalleria.<\/p>\n<p>Servei, aprenentatge, viv\u00e8ncies, emocions i reflexi\u00f3!<a href=\"https:\/\/agora.xtec.cat\/insllicamunt2\/wp-content\/uploads\/usu1100\/2019\/03\/D0qbU4GW0AY9EGB.jpg\"><img loading=\"lazy\" decoding=\"async\" class=\"alignnone size-large wp-image-10171\" src=\"https:\/\/agora.xtec.cat\/insllicamunt2\/wp-content\/uploads\/usu1100\/2019\/03\/D0qbU4GW0AY9EGB-768x1024.jpg\" alt=\"\" width=\"768\" height=\"1024\" srcset=\"https:\/\/agora.xtec.cat\/insllicamunt2\/wp-content\/uploads\/usu1100\/2019\/03\/D0qbU4GW0AY9EGB-768x1024.jpg 768w, https:\/\/agora.xtec.cat\/insllicamunt2\/wp-content\/uploads\/usu1100\/2019\/03\/D0qbU4GW0AY9EGB-225x300.jpg 225w, https:\/\/agora.xtec.cat\/insllicamunt2\/wp-content\/uploads\/usu1100\/2019\/03\/D0qbU4GW0AY9EGB.jpg 900w\" sizes=\"auto, (max-width: 768px) 100vw, 768px\" \/><\/a> <a href=\"https:\/\/agora.xtec.cat\/insllicamunt2\/wp-content\/uploads\/usu1100\/2019\/03\/D0qbWutX4AAEMPV.jpg\"><img loading=\"lazy\" decoding=\"async\" class=\"alignnone size-large wp-image-10172\" src=\"https:\/\/agora.xtec.cat\/insllicamunt2\/wp-content\/uploads\/usu1100\/2019\/03\/D0qbWutX4AAEMPV-768x1024.jpg\" alt=\"\" width=\"768\" height=\"1024\" srcset=\"https:\/\/agora.xtec.cat\/insllicamunt2\/wp-content\/uploads\/usu1100\/2019\/03\/D0qbWutX4AAEMPV-768x1024.jpg 768w, https:\/\/agora.xtec.cat\/insllicamunt2\/wp-content\/uploads\/usu1100\/2019\/03\/D0qbWutX4AAEMPV-225x300.jpg 225w, https:\/\/agora.xtec.cat\/insllicamunt2\/wp-content\/uploads\/usu1100\/2019\/03\/D0qbWutX4AAEMPV.jpg 900w\" sizes=\"auto, (max-width: 768px) 100vw, 768px\" \/><\/a> <a href=\"https:\/\/agora.xtec.cat\/insllicamunt2\/wp-content\/uploads\/usu1100\/2019\/03\/D0qbYSDWwAEGoQh.jpg\"><img loading=\"lazy\" decoding=\"async\" class=\"alignnone size-large wp-image-10173\" src=\"https:\/\/agora.xtec.cat\/insllicamunt2\/wp-content\/uploads\/usu1100\/2019\/03\/D0qbYSDWwAEGoQh-1024x768.jpg\" alt=\"\" width=\"1024\" height=\"768\" srcset=\"https:\/\/agora.xtec.cat\/insllicamunt2\/wp-content\/uploads\/usu1100\/2019\/03\/D0qbYSDWwAEGoQh-1024x768.jpg 1024w, https:\/\/agora.xtec.cat\/insllicamunt2\/wp-content\/uploads\/usu1100\/2019\/03\/D0qbYSDWwAEGoQh-300x225.jpg 300w, https:\/\/agora.xtec.cat\/insllicamunt2\/wp-content\/uploads\/usu1100\/2019\/03\/D0qbYSDWwAEGoQh-768x576.jpg 768w, https:\/\/agora.xtec.cat\/insllicamunt2\/wp-content\/uploads\/usu1100\/2019\/03\/D0qbYSDWwAEGoQh-200x150.jpg 200w, https:\/\/agora.xtec.cat\/insllicamunt2\/wp-content\/uploads\/usu1100\/2019\/03\/D0qbYSDWwAEGoQh.jpg 1200w\" sizes=\"auto, (max-width: 1024px) 100vw, 1024px\" \/><\/a><a href=\"https:\/\/agora.xtec.cat\/insllicamunt2\/wp-content\/uploads\/usu1100\/2019\/03\/D0qbT1bWkAA_Jqt.jpg\"><img loading=\"lazy\" decoding=\"async\" class=\"alignnone size-large wp-image-10168\" src=\"https:\/\/agora.xtec.cat\/insllicamunt2\/wp-content\/uploads\/usu1100\/2019\/03\/D0qbT1bWkAA_Jqt-1024x639.jpg\" alt=\"\" width=\"1024\" height=\"639\" srcset=\"https:\/\/agora.xtec.cat\/insllicamunt2\/wp-content\/uploads\/usu1100\/2019\/03\/D0qbT1bWkAA_Jqt-1024x639.jpg 1024w, https:\/\/agora.xtec.cat\/insllicamunt2\/wp-content\/uploads\/usu1100\/2019\/03\/D0qbT1bWkAA_Jqt-300x187.jpg 300w, https:\/\/agora.xtec.cat\/insllicamunt2\/wp-content\/uploads\/usu1100\/2019\/03\/D0qbT1bWkAA_Jqt-768x479.jpg 768w, https:\/\/agora.xtec.cat\/insllicamunt2\/wp-content\/uploads\/usu1100\/2019\/03\/D0qbT1bWkAA_Jqt.jpg 1051w\" sizes=\"auto, (max-width: 1024px) 100vw, 1024px\" \/><\/a><\/p>\n","protected":false},"excerpt":{"rendered":"<p>Servei comunitari &#8220;El Tenes Riu&#8221; amb alumnes de 4t d&#8217;ESO.&hellip;  <a href=\"https:\/\/agora.xtec.cat\/insllicamunt2\/el-far-dhipatia\/grups\/servei-comunitari-a-4t\/\" title=\"Read Servei Comunitari a 4t: &#8220;El Tenes riu&#8221;\">Llegeix m\u00e9s\u00bb<\/a><\/p>\n","protected":false},"author":332,"featured_media":10168,"comment_status":"open","ping_status":"closed","sticky":false,"template":"","format":"standard","meta":{"_bbp_topic_count":0,"_bbp_reply_count":0,"_bbp_total_topic_count":0,"_bbp_total_reply_count":0,"_bbp_voice_count":0,"_bbp_anonymous_reply_count":0,"_bbp_topic_count_hidden":0,"_bbp_reply_count_hidden":0,"_bbp_forum_subforum_count":0,"footnotes":""},"categories":[7,94,800,99,1040,3,98,29,981],"tags":[937,1724,792],"class_list":["post-10170","post","type-post","status-publish","format-standard","has-post-thumbnail","hentry","category-4t-deso","category-activitats-fora-del-centre","category-apadrinem-el-riu-tenes","category-articles","category-el-far-dhipatia","category-grups","category-noticies-breus","category-portada","category-servei-comunitari","tag-4t-eso","tag-primera-matinal","tag-servei-comunitari"],"post_mailing_queue_ids":[],"_links":{"self":[{"href":"https:\/\/agora.xtec.cat\/insllicamunt2\/wp-json\/wp\/v2\/posts\/10170","targetHints":{"allow":["GET"]}}],"collection":[{"href":"https:\/\/agora.xtec.cat\/insllicamunt2\/wp-json\/wp\/v2\/posts"}],"about":[{"href":"https:\/\/agora.xtec.cat\/insllicamunt2\/wp-json\/wp\/v2\/types\/post"}],"author":[{"embeddable":true,"href":"https:\/\/agora.xtec.cat\/insllicamunt2\/wp-json\/wp\/v2\/users\/332"}],"replies":[{"embeddable":true,"href":"https:\/\/agora.xtec.cat\/insllicamunt2\/wp-json\/wp\/v2\/comments?post=10170"}],"version-history":[{"count":4,"href":"https:\/\/agora.xtec.cat\/insllicamunt2\/wp-json\/wp\/v2\/posts\/10170\/revisions"}],"predecessor-version":[{"id":10189,"href":"https:\/\/agora.xtec.cat\/insllicamunt2\/wp-json\/wp\/v2\/posts\/10170\/revisions\/10189"}],"wp:featuredmedia":[{"embeddable":true,"href":"https:\/\/agora.xtec.cat\/insllicamunt2\/wp-json\/wp\/v2\/media\/10168"}],"wp:attachment":[{"href":"https:\/\/agora.xtec.cat\/insllicamunt2\/wp-json\/wp\/v2\/media?parent=10170"}],"wp:term":[{"taxonomy":"category","embeddable":true,"href":"https:\/\/agora.xtec.cat\/insllicamunt2\/wp-json\/wp\/v2\/categories?post=10170"},{"taxonomy":"post_tag","embeddable":true,"href":"https:\/\/agora.xtec.cat\/insllicamunt2\/wp-json\/wp\/v2\/tags?post=10170"}],"curies":[{"name":"wp","href":"https:\/\/api.w.org\/{rel}","templated":true}]}}