{"id":10040,"date":"2019-01-02T19:53:40","date_gmt":"2019-01-02T18:53:40","guid":{"rendered":"http:\/\/agora.xtec.cat\/insllicamunt2\/?p=10040"},"modified":"2019-01-02T19:55:01","modified_gmt":"2019-01-02T18:55:01","slug":"mirant-el-mon-per-nadal","status":"publish","type":"post","link":"https:\/\/agora.xtec.cat\/insllicamunt2\/el-far-dhipatia\/portada\/mirant-el-mon-per-nadal\/","title":{"rendered":"Mirant el m\u00f3n per Nadal"},"content":{"rendered":"<p>Bon any 2019 a tothom!!<\/p>\n<p>Cert que podrien ser unes altres dates; mai \u00a0\u00e9s tard o d&#8217;hora per a mirar qui som o qui no som. De fet som tots i no som ning\u00fa. Simplement som nosaltres. A veure que us sembla aquesta can\u00e7\u00f3<\/p>\n<p>&nbsp;<\/p>\n<p style=\"text-align: center;\"><iframe loading=\"lazy\" src=\"https:\/\/www.youtube.com\/embed\/_SPlkGmHIQA\" width=\"560\" height=\"315\" frameborder=\"0\" allowfullscreen=\"allowfullscreen\"><\/iframe><\/p>\n<p>&nbsp;<\/p>\n<p>&nbsp;<\/p>\n<p>&nbsp;<\/p>\n<div style=\"text-align: center;\">El m\u00f3n seria m\u00e9s feli\u00e7<\/div>\n<div style=\"text-align: center;\">si tots f\u00f3ssim amics.<\/div>\n<div style=\"text-align: center;\">Jugar tots junts, cantar tots junts,<\/div>\n<div style=\"text-align: center;\">seria divertit.<\/div>\n<div style=\"text-align: center;\">El m\u00f3n seria molt millor<\/div>\n<div style=\"text-align: center;\">si no tingu\u00e9ssim por<\/div>\n<div style=\"text-align: center;\">si sense demanar perd\u00f3<\/div>\n<div style=\"text-align: center;\">pogu\u00e9ssim ser com som.<\/div>\n<div style=\"text-align: center;\">El m\u00f3n seria m\u00e9s hum\u00e0<\/div>\n<div style=\"text-align: center;\">si tots f\u00f3ssim germans<\/div>\n<div style=\"text-align: center;\">si ens agaf\u00e9ssim de les mans<\/div>\n<div style=\"text-align: center;\">com mai ho hem fet abans.<\/div>\n<div style=\"text-align: center;\">En un altre m\u00f3n<\/div>\n<div style=\"text-align: center;\">\u00e9s el m\u00f3n que volem<\/div>\n<div style=\"text-align: center;\">\u00e9s el m\u00f3n que volem<\/div>\n<div style=\"text-align: center;\">en un altre m\u00f3n.<\/div>\n<p>&nbsp;<\/p>\n","protected":false},"excerpt":{"rendered":"<p>Bon any 2019!!&hellip;  <a href=\"https:\/\/agora.xtec.cat\/insllicamunt2\/el-far-dhipatia\/portada\/mirant-el-mon-per-nadal\/\" title=\"Read Mirant el m\u00f3n per Nadal\">Llegeix m\u00e9s\u00bb<\/a><\/p>\n","protected":false},"author":332,"featured_media":10042,"comment_status":"open","ping_status":"closed","sticky":false,"template":"","format":"standard","meta":{"_bbp_topic_count":0,"_bbp_reply_count":0,"_bbp_total_topic_count":0,"_bbp_total_reply_count":0,"_bbp_voice_count":0,"_bbp_anonymous_reply_count":0,"_bbp_topic_count_hidden":0,"_bbp_reply_count_hidden":0,"_bbp_forum_subforum_count":0,"footnotes":""},"categories":[99,593,1040,98,29],"tags":[1717],"class_list":["post-10040","post","type-post","status-publish","format-standard","has-post-thumbnail","hentry","category-articles","category-comunitat-educativa","category-el-far-dhipatia","category-noticies-breus","category-portada","tag-bon-any-2019"],"post_mailing_queue_ids":[],"_links":{"self":[{"href":"https:\/\/agora.xtec.cat\/insllicamunt2\/wp-json\/wp\/v2\/posts\/10040","targetHints":{"allow":["GET"]}}],"collection":[{"href":"https:\/\/agora.xtec.cat\/insllicamunt2\/wp-json\/wp\/v2\/posts"}],"about":[{"href":"https:\/\/agora.xtec.cat\/insllicamunt2\/wp-json\/wp\/v2\/types\/post"}],"author":[{"embeddable":true,"href":"https:\/\/agora.xtec.cat\/insllicamunt2\/wp-json\/wp\/v2\/users\/332"}],"replies":[{"embeddable":true,"href":"https:\/\/agora.xtec.cat\/insllicamunt2\/wp-json\/wp\/v2\/comments?post=10040"}],"version-history":[{"count":4,"href":"https:\/\/agora.xtec.cat\/insllicamunt2\/wp-json\/wp\/v2\/posts\/10040\/revisions"}],"predecessor-version":[{"id":10045,"href":"https:\/\/agora.xtec.cat\/insllicamunt2\/wp-json\/wp\/v2\/posts\/10040\/revisions\/10045"}],"wp:featuredmedia":[{"embeddable":true,"href":"https:\/\/agora.xtec.cat\/insllicamunt2\/wp-json\/wp\/v2\/media\/10042"}],"wp:attachment":[{"href":"https:\/\/agora.xtec.cat\/insllicamunt2\/wp-json\/wp\/v2\/media?parent=10040"}],"wp:term":[{"taxonomy":"category","embeddable":true,"href":"https:\/\/agora.xtec.cat\/insllicamunt2\/wp-json\/wp\/v2\/categories?post=10040"},{"taxonomy":"post_tag","embeddable":true,"href":"https:\/\/agora.xtec.cat\/insllicamunt2\/wp-json\/wp\/v2\/tags?post=10040"}],"curies":[{"name":"wp","href":"https:\/\/api.w.org\/{rel}","templated":true}]}}