{"id":1001,"date":"2015-10-23T12:23:59","date_gmt":"2015-10-23T11:23:59","guid":{"rendered":"http:\/\/agora.xtec.cat\/insllicamunt2\/?p=1001"},"modified":"2016-05-09T09:33:36","modified_gmt":"2016-05-09T08:33:36","slug":"tarraco-imperial","status":"publish","type":"post","link":"https:\/\/agora.xtec.cat\/insllicamunt2\/el-far-dhipatia\/grups\/tarraco-imperial\/","title":{"rendered":"Tarraco Imperial"},"content":{"rendered":"<p style=\"text-align: justify;\">Els alumnes de 2n d&#8217;ESO han realitzat aquest passat dijous 22 d&#8217;octubre una visita cultural a la Tarraco Imperial. Des de l&#8217;aq\u00fceducte, que portava aigua a la ciutat romana de Tarraco fins a l&#8217;amfiteatre a tocar del Mare Nostrum, els alumnes han pogut realitzar un viatge a la hist\u00f2ria de l&#8217;imperi rom\u00e0 visitant una de les principals ciutats de l&#8217;Imperi de la Mediterr\u00e0nia occidental.<\/p>\n<p style=\"text-align: center;\"><img loading=\"lazy\" decoding=\"async\" class=\"aligncenter\" src=\"https:\/\/lh3.googleusercontent.com\/-3JRNH8yiwns\/VioU14ztOtI\/AAAAAAAAOfU\/cmPmxHbJo1g\/s800-Ic42\/20151022_124703.jpg\" alt=\"\" width=\"600\" height=\"338\" \/><\/p>\n<p style=\"text-align: center;\">Maqueta de la ciutat romana<\/p>\n<p style=\"text-align: center;\"><img loading=\"lazy\" decoding=\"async\" class=\"aligncenter\" src=\"https:\/\/lh3.googleusercontent.com\/-7JyrIt3zaw4\/VioU17pBq0I\/AAAAAAAAOfU\/9do2GGi9X14\/s800-Ic42\/20151022_131816.jpg\" alt=\"\" width=\"600\" height=\"338\" \/><\/p>\n<p style=\"text-align: center;\">Abans de baixar als soterranis del circ<\/p>\n<p style=\"text-align: center;\"><img loading=\"lazy\" decoding=\"async\" class=\"aligncenter\" src=\"https:\/\/lh3.googleusercontent.com\/-BcDYzVtbdgI\/VioU2AouRoI\/AAAAAAAAOfU\/1m2-wV1cwYo\/s800-Ic42\/20151022_133040.jpg\" alt=\"\" width=\"600\" height=\"338\" \/><\/p>\n<p style=\"text-align: center;\">Caminant sota el circ<\/p>\n<p style=\"text-align: center;\"><img loading=\"lazy\" decoding=\"async\" class=\"aligncenter\" src=\"https:\/\/lh3.googleusercontent.com\/-bxwkNCP1UEg\/VioU2k13ALI\/AAAAAAAAOfU\/BalIGFpFv9c\/s800-Ic42\/20151022_154028.jpg\" alt=\"\" width=\"600\" height=\"338\" \/><\/p>\n<p style=\"text-align: center;\">L&#8217;amfiteatre i la Mar Mediterr\u00e0nia<\/p>\n<p style=\"text-align: center;\"><img loading=\"lazy\" decoding=\"async\" class=\"aligncenter\" src=\"https:\/\/lh3.googleusercontent.com\/-w_FKeEcXys4\/VioU2T_T5KI\/AAAAAAAAOfU\/JIFBOibny6g\/s800-Ic42\/20151022_153757.jpg\" alt=\"\" width=\"600\" height=\"338\" \/><\/p>\n<p style=\"text-align: center;\">Contents despr\u00e9s de la visita<\/p>\n","protected":false},"excerpt":{"rendered":"<p>Els alumnes de 2n d&#8217;ESO han realitzat aquest passat dijous 22 d&#8217;octubre una visita cultural a la Tarraco Imperial. Des de l&#8217;aq\u00fceducte, que portava aigua a la ciutat romana de Tarraco fins a l&#8217;amfiteatre a tocar del Mare Nostrum, els alumnes han pogut realitzar un&hellip;  <a href=\"https:\/\/agora.xtec.cat\/insllicamunt2\/el-far-dhipatia\/grups\/tarraco-imperial\/\" title=\"Read Tarraco Imperial\">Llegeix m\u00e9s\u00bb<\/a><\/p>\n","protected":false},"author":36,"featured_media":1002,"comment_status":"open","ping_status":"open","sticky":false,"template":"","format":"standard","meta":{"_bbp_topic_count":0,"_bbp_reply_count":0,"_bbp_total_topic_count":0,"_bbp_total_reply_count":0,"_bbp_voice_count":0,"_bbp_anonymous_reply_count":0,"_bbp_topic_count_hidden":0,"_bbp_reply_count_hidden":0,"_bbp_forum_subforum_count":0,"footnotes":""},"categories":[5,355,3,98,29],"tags":[284,156,312,311,309,310],"class_list":["post-1001","post","type-post","status-publish","format-standard","has-post-thumbnail","hentry","category-2n-deso","category-ciencies-socials","category-grups","category-noticies-breus","category-portada","tag-2n-deso","tag-ciencies-socials","tag-imperi-roma","tag-roma","tag-tarraco","tag-tarragona"],"post_mailing_queue_ids":[],"_links":{"self":[{"href":"https:\/\/agora.xtec.cat\/insllicamunt2\/wp-json\/wp\/v2\/posts\/1001","targetHints":{"allow":["GET"]}}],"collection":[{"href":"https:\/\/agora.xtec.cat\/insllicamunt2\/wp-json\/wp\/v2\/posts"}],"about":[{"href":"https:\/\/agora.xtec.cat\/insllicamunt2\/wp-json\/wp\/v2\/types\/post"}],"author":[{"embeddable":true,"href":"https:\/\/agora.xtec.cat\/insllicamunt2\/wp-json\/wp\/v2\/users\/36"}],"replies":[{"embeddable":true,"href":"https:\/\/agora.xtec.cat\/insllicamunt2\/wp-json\/wp\/v2\/comments?post=1001"}],"version-history":[{"count":2,"href":"https:\/\/agora.xtec.cat\/insllicamunt2\/wp-json\/wp\/v2\/posts\/1001\/revisions"}],"predecessor-version":[{"id":1076,"href":"https:\/\/agora.xtec.cat\/insllicamunt2\/wp-json\/wp\/v2\/posts\/1001\/revisions\/1076"}],"wp:featuredmedia":[{"embeddable":true,"href":"https:\/\/agora.xtec.cat\/insllicamunt2\/wp-json\/wp\/v2\/media\/1002"}],"wp:attachment":[{"href":"https:\/\/agora.xtec.cat\/insllicamunt2\/wp-json\/wp\/v2\/media?parent=1001"}],"wp:term":[{"taxonomy":"category","embeddable":true,"href":"https:\/\/agora.xtec.cat\/insllicamunt2\/wp-json\/wp\/v2\/categories?post=1001"},{"taxonomy":"post_tag","embeddable":true,"href":"https:\/\/agora.xtec.cat\/insllicamunt2\/wp-json\/wp\/v2\/tags?post=1001"}],"curies":[{"name":"wp","href":"https:\/\/api.w.org\/{rel}","templated":true}]}}