{"id":14434,"date":"2026-09-04T09:00:49","date_gmt":"2026-09-04T07:00:49","guid":{"rendered":"https:\/\/agora.xtec.cat\/insllanca\/?p=14434"},"modified":"2026-09-04T13:20:08","modified_gmt":"2026-09-04T11:20:08","slug":"llistes-grup-classe","status":"publish","type":"post","link":"https:\/\/agora.xtec.cat\/insllanca\/general\/llistes-grup-classe\/","title":{"rendered":"Llistes grup classe"},"content":{"rendered":"<p><span style=\"font-weight: 400;\">Us informem que a partir del <strong>dilluns 7 de setembre<\/strong>, podreu consultar a trav\u00e9s de l\u2019aplicaci\u00f3 Edvoice el grup al qual el vostre fill\/a ha estat assignat\/da.<\/span><\/p>\n<p><span style=\"font-weight: 400;\">El dia 8 l\u2019alumnat tamb\u00e9 podr\u00e0 consultar les llistes a la porta de cada classe.<\/span><\/p>\n<p><span style=\"font-weight: 400;\">En la confecci\u00f3 dels grups d\u2019ESO es tenen en compte els informes dels tutors i tutores del curs anterior, aix\u00ed com les aportacions de les orientadores del centre i de l\u2019EAP.<\/span><\/p>\n<p><span style=\"font-weight: 400;\">La formaci\u00f3 dels grups es fa, per tant, atenent principalment a <\/span><b>criteris pedag\u00f2gics<\/b><span style=\"font-weight: 400;\">, amb l\u2019objectiu de garantir una bona organitzaci\u00f3 dels grups i afavorir el proc\u00e9s d\u2019aprenentatge i conviv\u00e8ncia de tot l\u2019alumnat.<\/span><\/p>\n<p><span style=\"font-weight: 400;\">Gr\u00e0cies per la vostra comprensi\u00f3 i confian\u00e7a.<\/span><\/p>\n","protected":false},"excerpt":{"rendered":"<p>Us informem que a partir del dilluns 7 de setembre, podreu consultar a trav\u00e9s de l\u2019aplicaci\u00f3 Edvoice el grup al qual el vostre fill\/a ha estat assignat\/da.<br \/>\nEl dia 8 l\u2019alumnat tamb\u00e9 podr\u00e0 consultar les llistes a la porta de cada classe.<br \/>\nEn la confecci\u00f3 dels grups&hellip;  <a href=\"https:\/\/agora.xtec.cat\/insllanca\/general\/llistes-grup-classe\/\" title=\"Read Llistes grup classe\">Llegeix m\u00e9s\u00bb<\/a><\/p>\n","protected":false},"author":66,"featured_media":13851,"comment_status":"open","ping_status":"open","sticky":true,"template":"","format":"standard","meta":{"_bbp_topic_count":0,"_bbp_reply_count":0,"_bbp_total_topic_count":0,"_bbp_total_reply_count":0,"_bbp_voice_count":0,"_bbp_anonymous_reply_count":0,"_bbp_topic_count_hidden":0,"_bbp_reply_count_hidden":0,"_bbp_forum_subforum_count":0,"footnotes":""},"categories":[1,29],"tags":[],"class_list":["post-14434","post","type-post","status-publish","format-standard","has-post-thumbnail","hentry","category-general","category-portada"],"post_mailing_queue_ids":[],"_links":{"self":[{"href":"https:\/\/agora.xtec.cat\/insllanca\/wp-json\/wp\/v2\/posts\/14434","targetHints":{"allow":["GET"]}}],"collection":[{"href":"https:\/\/agora.xtec.cat\/insllanca\/wp-json\/wp\/v2\/posts"}],"about":[{"href":"https:\/\/agora.xtec.cat\/insllanca\/wp-json\/wp\/v2\/types\/post"}],"author":[{"embeddable":true,"href":"https:\/\/agora.xtec.cat\/insllanca\/wp-json\/wp\/v2\/users\/66"}],"replies":[{"embeddable":true,"href":"https:\/\/agora.xtec.cat\/insllanca\/wp-json\/wp\/v2\/comments?post=14434"}],"version-history":[{"count":2,"href":"https:\/\/agora.xtec.cat\/insllanca\/wp-json\/wp\/v2\/posts\/14434\/revisions"}],"predecessor-version":[{"id":14449,"href":"https:\/\/agora.xtec.cat\/insllanca\/wp-json\/wp\/v2\/posts\/14434\/revisions\/14449"}],"wp:featuredmedia":[{"embeddable":true,"href":"https:\/\/agora.xtec.cat\/insllanca\/wp-json\/wp\/v2\/media\/13851"}],"wp:attachment":[{"href":"https:\/\/agora.xtec.cat\/insllanca\/wp-json\/wp\/v2\/media?parent=14434"}],"wp:term":[{"taxonomy":"category","embeddable":true,"href":"https:\/\/agora.xtec.cat\/insllanca\/wp-json\/wp\/v2\/categories?post=14434"},{"taxonomy":"post_tag","embeddable":true,"href":"https:\/\/agora.xtec.cat\/insllanca\/wp-json\/wp\/v2\/tags?post=14434"}],"curies":[{"name":"wp","href":"https:\/\/api.w.org\/{rel}","templated":true}]}}