{"id":14430,"date":"2026-09-02T09:00:40","date_gmt":"2026-09-02T07:00:40","guid":{"rendered":"https:\/\/agora.xtec.cat\/insllanca\/?p=14430"},"modified":"2026-09-01T11:13:52","modified_gmt":"2026-09-01T09:13:52","slug":"inici-curs-eso-i-bat","status":"publish","type":"post","link":"https:\/\/agora.xtec.cat\/insllanca\/eso\/inici-curs-eso-i-bat\/","title":{"rendered":"Inici curs ESO i BAT"},"content":{"rendered":"<p><span style=\"font-weight: 400;\">Benvolgudes fam\u00edlies,<\/span><\/p>\n<p><span style=\"font-weight: 400;\">El proper <\/span><b>dimarts 8 de setembre<\/b><span style=\"font-weight: 400;\"> comen\u00e7ar\u00e0 el nou curs <\/span><b>2026-2027<\/b><span style=\"font-weight: 400;\"> per a tot l\u2019alumnat d\u2019ESO i Batxillerat.<\/span><\/p>\n<p><span style=\"font-weight: 400;\">L\u2019horari d\u2019inici de curs ser\u00e0 el seg\u00fcent:<\/span><\/p>\n<ul>\n<li style=\"font-weight: 400;\" aria-level=\"1\"><b>8.15 h:<\/b><span style=\"font-weight: 400;\"> 1r d\u2019ESO<\/span><\/li>\n<li style=\"font-weight: 400;\" aria-level=\"1\"><b>9.15 h:<\/b><span style=\"font-weight: 400;\"> 2n, 3r i 4t d\u2019ESO, Projecte Vela, Projecte Rumb i Batxillerat<\/span><\/li>\n<\/ul>\n<p><span style=\"font-weight: 400;\">Tot l\u2019alumnat comen\u00e7ar\u00e0 la jornada amb el seu tutor o tutora de grup, que els donar\u00e0 l\u2019horari i les informacions m\u00e9s rellevants per a l\u2019inici del curs.<\/span><\/p>\n<p><span style=\"font-weight: 400;\">L\u2019entrada i la sortida de tots els grups es far\u00e0 per la <\/span><b>porta d\u2019acc\u00e9s principal del centre<\/b><span style=\"font-weight: 400;\">.<\/span><\/p>\n<p><span style=\"font-weight: 400;\">La jornada finalitzar\u00e0 a les 14.45 h, igual que la resta de dies.<\/span><\/p>\n<p><span style=\"font-weight: 400;\">Us esperem amb ganes de comen\u00e7ar aquest nou curs!<\/span><\/p>\n<p><a href=\"https:\/\/agora.xtec.cat\/insllanca\/wp-content\/uploads\/usu1388\/2026\/08\/Inici-curs-escolar-data.png\"><img loading=\"lazy\" decoding=\"async\" class=\"wp-image-14427 aligncenter\" src=\"https:\/\/agora.xtec.cat\/insllanca\/wp-content\/uploads\/usu1388\/2026\/08\/Inici-curs-escolar-data-819x1024.png\" alt=\"\" width=\"253\" height=\"316\" srcset=\"https:\/\/agora.xtec.cat\/insllanca\/wp-content\/uploads\/usu1388\/2026\/08\/Inici-curs-escolar-data-819x1024.png 819w, https:\/\/agora.xtec.cat\/insllanca\/wp-content\/uploads\/usu1388\/2026\/08\/Inici-curs-escolar-data-240x300.png 240w, https:\/\/agora.xtec.cat\/insllanca\/wp-content\/uploads\/usu1388\/2026\/08\/Inici-curs-escolar-data-768x960.png 768w, https:\/\/agora.xtec.cat\/insllanca\/wp-content\/uploads\/usu1388\/2026\/08\/Inici-curs-escolar-data.png 1080w\" sizes=\"auto, (max-width: 253px) 100vw, 253px\" \/><\/a><\/p>\n","protected":false},"excerpt":{"rendered":"<p>Benvolgudes fam\u00edlies,<br \/>\nEl proper dimarts 8 de setembre comen\u00e7ar\u00e0 el nou curs 2026-2027 per a tot l\u2019alumnat d\u2019ESO i Batxillerat.<br \/>\nL\u2019horari d\u2019inici de curs ser\u00e0 el seg\u00fcent:<\/p>\n<ul>\n<li style=\"font-weight: 400;\" aria-level=\"1\">8.15 h: 1r d\u2019ESO<\/li>\n<li style=\"font-weight: 400;\" aria-level=\"1\">9.15 h: 2n, 3r i 4t d\u2019ESO, Projecte Vela, Projecte Rumb i&hellip;  <a href=\"https:\/\/agora.xtec.cat\/insllanca\/eso\/inici-curs-eso-i-bat\/\" title=\"Read Inici curs ESO i BAT\">Llegeix m\u00e9s\u00bb<\/a><br \/>\n","protected":false},"author":66,"featured_media":14438,"comment_status":"open","ping_status":"open","sticky":true,"template":"","format":"standard","meta":{"_bbp_topic_count":0,"_bbp_reply_count":0,"_bbp_total_topic_count":0,"_bbp_total_reply_count":0,"_bbp_voice_count":0,"_bbp_anonymous_reply_count":0,"_bbp_topic_count_hidden":0,"_bbp_reply_count_hidden":0,"_bbp_forum_subforum_count":0,"footnotes":""},"categories":[8,3,29],"tags":[],"class_list":["post-14430","post","type-post","status-publish","format-standard","has-post-thumbnail","hentry","category-batxillerat","category-eso","category-portada"],"post_mailing_queue_ids":[],"_links":{"self":[{"href":"https:\/\/agora.xtec.cat\/insllanca\/wp-json\/wp\/v2\/posts\/14430","targetHints":{"allow":["GET"]}}],"collection":[{"href":"https:\/\/agora.xtec.cat\/insllanca\/wp-json\/wp\/v2\/posts"}],"about":[{"href":"https:\/\/agora.xtec.cat\/insllanca\/wp-json\/wp\/v2\/types\/post"}],"author":[{"embeddable":true,"href":"https:\/\/agora.xtec.cat\/insllanca\/wp-json\/wp\/v2\/users\/66"}],"replies":[{"embeddable":true,"href":"https:\/\/agora.xtec.cat\/insllanca\/wp-json\/wp\/v2\/comments?post=14430"}],"version-history":[{"count":1,"href":"https:\/\/agora.xtec.cat\/insllanca\/wp-json\/wp\/v2\/posts\/14430\/revisions"}],"predecessor-version":[{"id":14431,"href":"https:\/\/agora.xtec.cat\/insllanca\/wp-json\/wp\/v2\/posts\/14430\/revisions\/14431"}],"wp:featuredmedia":[{"embeddable":true,"href":"https:\/\/agora.xtec.cat\/insllanca\/wp-json\/wp\/v2\/media\/14438"}],"wp:attachment":[{"href":"https:\/\/agora.xtec.cat\/insllanca\/wp-json\/wp\/v2\/media?parent=14430"}],"wp:term":[{"taxonomy":"category","embeddable":true,"href":"https:\/\/agora.xtec.cat\/insllanca\/wp-json\/wp\/v2\/categories?post=14430"},{"taxonomy":"post_tag","embeddable":true,"href":"https:\/\/agora.xtec.cat\/insllanca\/wp-json\/wp\/v2\/tags?post=14430"}],"curies":[{"name":"wp","href":"https:\/\/api.w.org\/{rel}","templated":true}]}}