{"id":14269,"date":"2026-04-27T12:11:03","date_gmt":"2026-04-27T10:11:03","guid":{"rendered":"https:\/\/agora.xtec.cat\/insllanca\/?p=14269"},"modified":"2026-04-27T12:11:03","modified_gmt":"2026-04-27T10:11:03","slug":"siei-sortida-pel-poble-de-llanca","status":"publish","type":"post","link":"https:\/\/agora.xtec.cat\/insllanca\/portada\/siei-sortida-pel-poble-de-llanca\/","title":{"rendered":"SIEI: Sortida pel poble de Llan\u00e7\u00e0"},"content":{"rendered":"<p>Divendres passat vam realitzar una sortida d\u2019entorn per la poblaci\u00f3 de Llan\u00e7\u00e0 i alguns dels seus indrets m\u00e9s emblem\u00e0tics. Vam visitar el casc antic, amb les seves places, l\u2019Arbre de la Llibertat i els carrers empedrats que evoquen temps passats, tranquils i serens a cada cantonada.<\/p>\n<p>Tot seguit, vam passar per l\u2019Ajuntament i la capella, on es troba la Mare de D\u00e9u del Carme, patrona dels mariners. Finalment, vam arribar al port, on vam poder gaudir de l\u2019entorn i de la seva magn\u00edfica platja.<\/p>\n<p>Va ser un dia ben bonic!<\/p>\n<p><!--a=1--><\/p>\n","protected":false},"excerpt":{"rendered":"<p>Divendres passat vam realitzar una sortida d\u2019entorn per la poblaci\u00f3 de Llan\u00e7\u00e0 i alguns dels seus indrets m\u00e9s emblem\u00e0tics. Vam visitar el casc antic, amb les seves places, l\u2019Arbre de la Llibertat i els carrers empedrats que evoquen temps passats, tranquils i serens a cada&hellip;  <a href=\"https:\/\/agora.xtec.cat\/insllanca\/portada\/siei-sortida-pel-poble-de-llanca\/\" title=\"Read SIEI: Sortida pel poble de Llan\u00e7\u00e0\">Llegeix m\u00e9s\u00bb<\/a><\/p>\n","protected":false},"author":66,"featured_media":14270,"comment_status":"open","ping_status":"open","sticky":false,"template":"","format":"standard","meta":{"_bbp_topic_count":0,"_bbp_reply_count":0,"_bbp_total_topic_count":0,"_bbp_total_reply_count":0,"_bbp_voice_count":0,"_bbp_anonymous_reply_count":0,"_bbp_topic_count_hidden":0,"_bbp_reply_count_hidden":0,"_bbp_forum_subforum_count":0,"footnotes":""},"categories":[29,206,148],"tags":[],"class_list":["post-14269","post","type-post","status-publish","format-standard","has-post-thumbnail","hentry","category-portada","category-siei","category-sortides"],"post_mailing_queue_ids":[],"_links":{"self":[{"href":"https:\/\/agora.xtec.cat\/insllanca\/wp-json\/wp\/v2\/posts\/14269","targetHints":{"allow":["GET"]}}],"collection":[{"href":"https:\/\/agora.xtec.cat\/insllanca\/wp-json\/wp\/v2\/posts"}],"about":[{"href":"https:\/\/agora.xtec.cat\/insllanca\/wp-json\/wp\/v2\/types\/post"}],"author":[{"embeddable":true,"href":"https:\/\/agora.xtec.cat\/insllanca\/wp-json\/wp\/v2\/users\/66"}],"replies":[{"embeddable":true,"href":"https:\/\/agora.xtec.cat\/insllanca\/wp-json\/wp\/v2\/comments?post=14269"}],"version-history":[{"count":1,"href":"https:\/\/agora.xtec.cat\/insllanca\/wp-json\/wp\/v2\/posts\/14269\/revisions"}],"predecessor-version":[{"id":14271,"href":"https:\/\/agora.xtec.cat\/insllanca\/wp-json\/wp\/v2\/posts\/14269\/revisions\/14271"}],"wp:featuredmedia":[{"embeddable":true,"href":"https:\/\/agora.xtec.cat\/insllanca\/wp-json\/wp\/v2\/media\/14270"}],"wp:attachment":[{"href":"https:\/\/agora.xtec.cat\/insllanca\/wp-json\/wp\/v2\/media?parent=14269"}],"wp:term":[{"taxonomy":"category","embeddable":true,"href":"https:\/\/agora.xtec.cat\/insllanca\/wp-json\/wp\/v2\/categories?post=14269"},{"taxonomy":"post_tag","embeddable":true,"href":"https:\/\/agora.xtec.cat\/insllanca\/wp-json\/wp\/v2\/tags?post=14269"}],"curies":[{"name":"wp","href":"https:\/\/api.w.org\/{rel}","templated":true}]}}