{"id":14266,"date":"2026-04-26T17:19:18","date_gmt":"2026-04-26T15:19:18","guid":{"rendered":"https:\/\/agora.xtec.cat\/insllanca\/?p=14266"},"modified":"2026-04-26T17:19:18","modified_gmt":"2026-04-26T15:19:18","slug":"2-eso-sortida-a-besalu-2","status":"publish","type":"post","link":"https:\/\/agora.xtec.cat\/insllanca\/eso\/eso-2\/2-eso-sortida-a-besalu-2\/","title":{"rendered":"2 ESO: sortida a Besal\u00fa"},"content":{"rendered":"<p><a href=\"https:\/\/photos.app.goo.gl\/4noNKPRffwe66HEa8\">ENLLA\u00c7 A L&#8217;\u00c0LBUM FOTOGR\u00c0FIC<\/a><\/p>\n<p>Aquest dijous l\u2019alumnat de 2n d\u2019ESO ha participat en una sortida per con\u00e8ixer el patrimoni medieval de Besal\u00fa. Durant la visita guiada, els alumnes han pogut descobrir espais tan emblem\u00e0tics com: el Pont Medieval, les restes de la sinagoga, els banys jueus (micv\u00e9), l\u2019esgl\u00e9sia rom\u00e0nica de Sant Pere,l\u2019Hospital de Sant Juli\u00e0 i tota l\u2019estructura urbana vigent de l\u2019\u00e8poca.<\/p>\n<p>L\u2019experi\u00e8ncia ha estat molt enriquidora, ja que ha perm\u00e8s a l\u2019alumnat apropar-se de manera vivencial a la hist\u00f2ria i comprendre millor la conviv\u00e8ncia entre diferents\u00a0 cultures i l\u2019organitzaci\u00f3 de les viles medievals. Ha estat una jornada molt profitosa!<\/p>\n","protected":false},"excerpt":{"rendered":"<p><a href=\"https:\/\/photos.app.goo.gl\/4noNKPRffwe66HEa8\">ENLLA\u00c7 A L&#8217;\u00c0LBUM FOTOGR\u00c0FIC<\/a><br \/>\nAquest dijous l\u2019alumnat de 2n d\u2019ESO ha participat en una sortida per con\u00e8ixer el patrimoni medieval de Besal\u00fa. Durant la visita guiada, els alumnes han pogut descobrir espais tan emblem\u00e0tics com: el Pont Medieval, les restes de la sinagoga, els banys&hellip;  <a href=\"https:\/\/agora.xtec.cat\/insllanca\/eso\/eso-2\/2-eso-sortida-a-besalu-2\/\" title=\"Read 2 ESO: sortida a Besal\u00fa\">Llegeix m\u00e9s\u00bb<\/a><\/p>\n","protected":false},"author":73,"featured_media":14267,"comment_status":"open","ping_status":"open","sticky":false,"template":"","format":"standard","meta":{"_bbp_topic_count":0,"_bbp_reply_count":0,"_bbp_total_topic_count":0,"_bbp_total_reply_count":0,"_bbp_voice_count":0,"_bbp_anonymous_reply_count":0,"_bbp_topic_count_hidden":0,"_bbp_reply_count_hidden":0,"_bbp_forum_subforum_count":0,"footnotes":""},"categories":[5,29,148],"tags":[],"class_list":["post-14266","post","type-post","status-publish","format-standard","has-post-thumbnail","hentry","category-eso-2","category-portada","category-sortides"],"post_mailing_queue_ids":[],"_links":{"self":[{"href":"https:\/\/agora.xtec.cat\/insllanca\/wp-json\/wp\/v2\/posts\/14266","targetHints":{"allow":["GET"]}}],"collection":[{"href":"https:\/\/agora.xtec.cat\/insllanca\/wp-json\/wp\/v2\/posts"}],"about":[{"href":"https:\/\/agora.xtec.cat\/insllanca\/wp-json\/wp\/v2\/types\/post"}],"author":[{"embeddable":true,"href":"https:\/\/agora.xtec.cat\/insllanca\/wp-json\/wp\/v2\/users\/73"}],"replies":[{"embeddable":true,"href":"https:\/\/agora.xtec.cat\/insllanca\/wp-json\/wp\/v2\/comments?post=14266"}],"version-history":[{"count":1,"href":"https:\/\/agora.xtec.cat\/insllanca\/wp-json\/wp\/v2\/posts\/14266\/revisions"}],"predecessor-version":[{"id":14268,"href":"https:\/\/agora.xtec.cat\/insllanca\/wp-json\/wp\/v2\/posts\/14266\/revisions\/14268"}],"wp:featuredmedia":[{"embeddable":true,"href":"https:\/\/agora.xtec.cat\/insllanca\/wp-json\/wp\/v2\/media\/14267"}],"wp:attachment":[{"href":"https:\/\/agora.xtec.cat\/insllanca\/wp-json\/wp\/v2\/media?parent=14266"}],"wp:term":[{"taxonomy":"category","embeddable":true,"href":"https:\/\/agora.xtec.cat\/insllanca\/wp-json\/wp\/v2\/categories?post=14266"},{"taxonomy":"post_tag","embeddable":true,"href":"https:\/\/agora.xtec.cat\/insllanca\/wp-json\/wp\/v2\/tags?post=14266"}],"curies":[{"name":"wp","href":"https:\/\/api.w.org\/{rel}","templated":true}]}}