{"id":14144,"date":"2026-03-06T10:07:45","date_gmt":"2026-03-06T09:07:45","guid":{"rendered":"https:\/\/agora.xtec.cat\/insllanca\/?p=14144"},"modified":"2026-03-06T12:13:50","modified_gmt":"2026-03-06T11:13:50","slug":"marc-feminista-a-la-biblioteca-de-lins-llanca","status":"publish","type":"post","link":"https:\/\/agora.xtec.cat\/insllanca\/portada\/marc-feminista-a-la-biblioteca-de-lins-llanca\/","title":{"rendered":"Mar\u00e7 feminista a la Biblioteca de l&#8217;INS Llan\u00e7\u00e0"},"content":{"rendered":"<p><a href=\"https:\/\/photos.app.goo.gl\/wizmsoaSYLnHBWB5A\">ENLLA\u00c7 A L&#8217;\u00c0LBUM FOTOGR\u00c0FIC<\/a><\/p>\n<p>Mar\u00e7 feminista a la Biblioteca de l&#8217;INS Llan\u00e7\u00e0<\/p>\n<p>Des de la Biblioteca del centre reforcem el nostre comprom\u00eds amb la igualtat i posem en valor les aportacions de les dones en l\u2019\u00e0mbit cultural, cient\u00edfic i social.<\/p>\n<p>Durant el mes de mar\u00e7 a la biblioteca hi haur\u00e0 el BiblioPunt Lila: hi podreu trobar llibres per a totes les edats d&#8217;autores que aborden la lluita per la igualtat, la llibertat sexual o la den\u00fancia d&#8217;estructures opressores a trav\u00e9s dels seus personatges o les seves reflexions, i tamb\u00e9 hi presentem el material did\u00e0ctic &#8220;Dones a l&#8217;ombra&#8221;, que recupera les traject\u00f2ries d&#8217;algunes dones que van transformar la societat, per\u00f2 van quedar fora del relat oficial.<\/p>\n<p>Us hi esperem!<\/p>\n<p><a href=\"https:\/\/agora.xtec.cat\/insllanca\/wp-content\/uploads\/usu1388\/2026\/03\/Captura-de-pantalla-2026-03-06-100546.png\"><img loading=\"lazy\" decoding=\"async\" class=\"alignnone size-full wp-image-14146\" src=\"https:\/\/agora.xtec.cat\/insllanca\/wp-content\/uploads\/usu1388\/2026\/03\/Captura-de-pantalla-2026-03-06-100546.png\" alt=\"\" width=\"955\" height=\"538\" srcset=\"https:\/\/agora.xtec.cat\/insllanca\/wp-content\/uploads\/usu1388\/2026\/03\/Captura-de-pantalla-2026-03-06-100546.png 955w, https:\/\/agora.xtec.cat\/insllanca\/wp-content\/uploads\/usu1388\/2026\/03\/Captura-de-pantalla-2026-03-06-100546-300x169.png 300w, https:\/\/agora.xtec.cat\/insllanca\/wp-content\/uploads\/usu1388\/2026\/03\/Captura-de-pantalla-2026-03-06-100546-768x433.png 768w\" sizes=\"auto, (max-width: 955px) 100vw, 955px\" \/><\/a><a href=\"https:\/\/agora.xtec.cat\/insllanca\/wp-content\/uploads\/usu1388\/2026\/03\/Captura-de-pantalla-2026-03-06-100606.png\"><img loading=\"lazy\" decoding=\"async\" class=\"alignnone size-full wp-image-14147\" src=\"https:\/\/agora.xtec.cat\/insllanca\/wp-content\/uploads\/usu1388\/2026\/03\/Captura-de-pantalla-2026-03-06-100606.png\" alt=\"\" width=\"952\" height=\"537\" srcset=\"https:\/\/agora.xtec.cat\/insllanca\/wp-content\/uploads\/usu1388\/2026\/03\/Captura-de-pantalla-2026-03-06-100606.png 952w, https:\/\/agora.xtec.cat\/insllanca\/wp-content\/uploads\/usu1388\/2026\/03\/Captura-de-pantalla-2026-03-06-100606-300x169.png 300w, https:\/\/agora.xtec.cat\/insllanca\/wp-content\/uploads\/usu1388\/2026\/03\/Captura-de-pantalla-2026-03-06-100606-768x433.png 768w\" sizes=\"auto, (max-width: 952px) 100vw, 952px\" \/><\/a><a href=\"https:\/\/agora.xtec.cat\/insllanca\/wp-content\/uploads\/usu1388\/2026\/03\/Captura-de-pantalla-2026-03-06-100622.png\"><img loading=\"lazy\" decoding=\"async\" class=\"alignnone size-full wp-image-14148\" src=\"https:\/\/agora.xtec.cat\/insllanca\/wp-content\/uploads\/usu1388\/2026\/03\/Captura-de-pantalla-2026-03-06-100622.png\" alt=\"\" width=\"946\" height=\"531\" srcset=\"https:\/\/agora.xtec.cat\/insllanca\/wp-content\/uploads\/usu1388\/2026\/03\/Captura-de-pantalla-2026-03-06-100622.png 946w, https:\/\/agora.xtec.cat\/insllanca\/wp-content\/uploads\/usu1388\/2026\/03\/Captura-de-pantalla-2026-03-06-100622-300x168.png 300w, https:\/\/agora.xtec.cat\/insllanca\/wp-content\/uploads\/usu1388\/2026\/03\/Captura-de-pantalla-2026-03-06-100622-768x431.png 768w\" sizes=\"auto, (max-width: 946px) 100vw, 946px\" \/><\/a><a href=\"https:\/\/agora.xtec.cat\/insllanca\/wp-content\/uploads\/usu1388\/2026\/03\/Captura-de-pantalla-2026-03-06-100640.png\"><img loading=\"lazy\" decoding=\"async\" class=\"alignnone size-full wp-image-14149\" src=\"https:\/\/agora.xtec.cat\/insllanca\/wp-content\/uploads\/usu1388\/2026\/03\/Captura-de-pantalla-2026-03-06-100640.png\" alt=\"\" width=\"948\" height=\"535\" srcset=\"https:\/\/agora.xtec.cat\/insllanca\/wp-content\/uploads\/usu1388\/2026\/03\/Captura-de-pantalla-2026-03-06-100640.png 948w, https:\/\/agora.xtec.cat\/insllanca\/wp-content\/uploads\/usu1388\/2026\/03\/Captura-de-pantalla-2026-03-06-100640-300x169.png 300w, https:\/\/agora.xtec.cat\/insllanca\/wp-content\/uploads\/usu1388\/2026\/03\/Captura-de-pantalla-2026-03-06-100640-768x433.png 768w\" sizes=\"auto, (max-width: 948px) 100vw, 948px\" \/><\/a><\/p>\n","protected":false},"excerpt":{"rendered":"<p><a href=\"https:\/\/photos.app.goo.gl\/wizmsoaSYLnHBWB5A\">ENLLA\u00c7 A L&#8217;\u00c0LBUM FOTOGR\u00c0FIC<\/a><br \/>\nMar\u00e7 feminista a la Biblioteca de l&#8217;INS Llan\u00e7\u00e0<br \/>\nDes de la Biblioteca del centre reforcem el nostre comprom\u00eds amb la igualtat i posem en valor les aportacions de les dones en l\u2019\u00e0mbit cultural, cient\u00edfic i social.<br \/>\nDurant el mes de mar\u00e7 a la&hellip;  <a href=\"https:\/\/agora.xtec.cat\/insllanca\/portada\/marc-feminista-a-la-biblioteca-de-lins-llanca\/\" title=\"Read Mar\u00e7 feminista a la Biblioteca de l&#8217;INS Llan\u00e7\u00e0\">Llegeix m\u00e9s\u00bb<\/a><\/p>\n","protected":false},"author":73,"featured_media":14145,"comment_status":"open","ping_status":"open","sticky":false,"template":"","format":"standard","meta":{"_bbp_topic_count":0,"_bbp_reply_count":0,"_bbp_total_topic_count":0,"_bbp_total_reply_count":0,"_bbp_voice_count":0,"_bbp_anonymous_reply_count":0,"_bbp_topic_count_hidden":0,"_bbp_reply_count_hidden":0,"_bbp_forum_subforum_count":0,"footnotes":""},"categories":[212,29],"tags":[],"class_list":["post-14144","post","type-post","status-publish","format-standard","has-post-thumbnail","hentry","category-biblioteca","category-portada"],"post_mailing_queue_ids":[],"_links":{"self":[{"href":"https:\/\/agora.xtec.cat\/insllanca\/wp-json\/wp\/v2\/posts\/14144","targetHints":{"allow":["GET"]}}],"collection":[{"href":"https:\/\/agora.xtec.cat\/insllanca\/wp-json\/wp\/v2\/posts"}],"about":[{"href":"https:\/\/agora.xtec.cat\/insllanca\/wp-json\/wp\/v2\/types\/post"}],"author":[{"embeddable":true,"href":"https:\/\/agora.xtec.cat\/insllanca\/wp-json\/wp\/v2\/users\/73"}],"replies":[{"embeddable":true,"href":"https:\/\/agora.xtec.cat\/insllanca\/wp-json\/wp\/v2\/comments?post=14144"}],"version-history":[{"count":2,"href":"https:\/\/agora.xtec.cat\/insllanca\/wp-json\/wp\/v2\/posts\/14144\/revisions"}],"predecessor-version":[{"id":14151,"href":"https:\/\/agora.xtec.cat\/insllanca\/wp-json\/wp\/v2\/posts\/14144\/revisions\/14151"}],"wp:featuredmedia":[{"embeddable":true,"href":"https:\/\/agora.xtec.cat\/insllanca\/wp-json\/wp\/v2\/media\/14145"}],"wp:attachment":[{"href":"https:\/\/agora.xtec.cat\/insllanca\/wp-json\/wp\/v2\/media?parent=14144"}],"wp:term":[{"taxonomy":"category","embeddable":true,"href":"https:\/\/agora.xtec.cat\/insllanca\/wp-json\/wp\/v2\/categories?post=14144"},{"taxonomy":"post_tag","embeddable":true,"href":"https:\/\/agora.xtec.cat\/insllanca\/wp-json\/wp\/v2\/tags?post=14144"}],"curies":[{"name":"wp","href":"https:\/\/api.w.org\/{rel}","templated":true}]}}