{"id":13864,"date":"2025-09-09T16:53:41","date_gmt":"2025-09-09T14:53:41","guid":{"rendered":"https:\/\/agora.xtec.cat\/insllanca\/?p=13864"},"modified":"2025-09-09T16:53:41","modified_gmt":"2025-09-09T14:53:41","slug":"biblioteca-el-repte-de-les-capses-sorpresa","status":"publish","type":"post","link":"https:\/\/agora.xtec.cat\/insllanca\/portada\/biblioteca-el-repte-de-les-capses-sorpresa\/","title":{"rendered":"Biblioteca: El repte de les capses sorpresa!"},"content":{"rendered":"<div><a href=\"https:\/\/photos.app.goo.gl\/Di2z5kiWJA5iNBcf7\">ENLLA\u00c7 A L&#8217;\u00c0LBUM FOTOGR\u00c0FIC<\/a><\/div>\n<div><\/div>\n<div class=\"gmail_default\"><i><b>Reobertura de la biblioteca del centre: El repte de les capses sorpresa!<\/b><\/i><\/div>\n<div class=\"gmail_default\"><i>\u00a0<\/i><\/div>\n<div class=\"gmail_default\">El dilluns 8 de setembre, coincidint amb el Dia Internacional de l&#8217;Alfabetitzaci\u00f3, la biblioteca de l&#8217;institut va obrir de nou les portes i t\u00e9 molt per oferir: llibres de ficci\u00f3, c\u00f2mics, mangas, llibres de coneixement, espai de lectura, espai de treball, espai de jocs de taula&#8230;<\/div>\n<div class=\"gmail_default\"><\/div>\n<div class=\"gmail_default\">I aquest mes de setembre, els bibli\u00f2fils m\u00e9s encuriosits hi poden trobar unes\u00a0capses misterioses! Dins aquestes capses s&#8217;hi amaguen un llibre, un repte lector i alguna sorpresa m\u00e9s. Quina capsa escollir\u00e0s? Llegeix les pistes i et decidir\u00e0s!<\/div>\n<div class=\"gmail_default\"><\/div>\n<div class=\"gmail_default\">Una manera divertida de descobrir nous llibres i posar\u00a0a prova la curiositat!<\/div>\n","protected":false},"excerpt":{"rendered":"<p><a href=\"https:\/\/photos.app.goo.gl\/Di2z5kiWJA5iNBcf7\">ENLLA\u00c7 A L&#8217;\u00c0LBUM FOTOGR\u00c0FIC<\/a><\/p>\n<p>Reobertura de la biblioteca del centre: El repte de les capses sorpresa!<br \/>\n\u00a0<br \/>\nEl dilluns 8 de setembre, coincidint amb el Dia Internacional de l&#8217;Alfabetitzaci\u00f3, la biblioteca de l&#8217;institut va obrir de nou les portes i t\u00e9 molt per oferir: llibres de ficci\u00f3,&hellip;  <a href=\"https:\/\/agora.xtec.cat\/insllanca\/portada\/biblioteca-el-repte-de-les-capses-sorpresa\/\" title=\"Read Biblioteca: El repte de les capses sorpresa!\">Llegeix m\u00e9s\u00bb<\/a><\/p>\n","protected":false},"author":73,"featured_media":13865,"comment_status":"open","ping_status":"open","sticky":false,"template":"","format":"standard","meta":{"_bbp_topic_count":0,"_bbp_reply_count":0,"_bbp_total_topic_count":0,"_bbp_total_reply_count":0,"_bbp_voice_count":0,"_bbp_anonymous_reply_count":0,"_bbp_topic_count_hidden":0,"_bbp_reply_count_hidden":0,"_bbp_forum_subforum_count":0,"footnotes":""},"categories":[212,29],"tags":[],"class_list":["post-13864","post","type-post","status-publish","format-standard","has-post-thumbnail","hentry","category-biblioteca","category-portada"],"post_mailing_queue_ids":[],"_links":{"self":[{"href":"https:\/\/agora.xtec.cat\/insllanca\/wp-json\/wp\/v2\/posts\/13864","targetHints":{"allow":["GET"]}}],"collection":[{"href":"https:\/\/agora.xtec.cat\/insllanca\/wp-json\/wp\/v2\/posts"}],"about":[{"href":"https:\/\/agora.xtec.cat\/insllanca\/wp-json\/wp\/v2\/types\/post"}],"author":[{"embeddable":true,"href":"https:\/\/agora.xtec.cat\/insllanca\/wp-json\/wp\/v2\/users\/73"}],"replies":[{"embeddable":true,"href":"https:\/\/agora.xtec.cat\/insllanca\/wp-json\/wp\/v2\/comments?post=13864"}],"version-history":[{"count":1,"href":"https:\/\/agora.xtec.cat\/insllanca\/wp-json\/wp\/v2\/posts\/13864\/revisions"}],"predecessor-version":[{"id":13866,"href":"https:\/\/agora.xtec.cat\/insllanca\/wp-json\/wp\/v2\/posts\/13864\/revisions\/13866"}],"wp:featuredmedia":[{"embeddable":true,"href":"https:\/\/agora.xtec.cat\/insllanca\/wp-json\/wp\/v2\/media\/13865"}],"wp:attachment":[{"href":"https:\/\/agora.xtec.cat\/insllanca\/wp-json\/wp\/v2\/media?parent=13864"}],"wp:term":[{"taxonomy":"category","embeddable":true,"href":"https:\/\/agora.xtec.cat\/insllanca\/wp-json\/wp\/v2\/categories?post=13864"},{"taxonomy":"post_tag","embeddable":true,"href":"https:\/\/agora.xtec.cat\/insllanca\/wp-json\/wp\/v2\/tags?post=13864"}],"curies":[{"name":"wp","href":"https:\/\/api.w.org\/{rel}","templated":true}]}}