{"id":9638,"date":"2018-10-10T19:31:04","date_gmt":"2018-10-10T17:31:04","guid":{"rendered":"http:\/\/agora.xtec.cat\/inslesvinyescubelles\/?p=9638"},"modified":"2018-11-15T08:35:45","modified_gmt":"2018-11-15T07:35:45","slug":"institut-les-vinyes-2008-2018","status":"publish","type":"post","link":"https:\/\/agora.xtec.cat\/inslesvinyescubelles\/general\/institut-les-vinyes-2008-2018\/","title":{"rendered":"Logotip Institut Les Vinyes, 2008-2018"},"content":{"rendered":"<h4 style=\"text-align: center;\">Adri\u00e0 Fern\u00e0ndez de 3r C, guanyador del concurs de dibuix per triar el logotip del 10\u00e8 aniversari<\/h4>\n<p><a href=\"https:\/\/agora.xtec.cat\/inslesvinyescubelles\/wp-content\/uploads\/usu375\/2018\/10\/pancarta_guanyador_logo.jpg\"><img loading=\"lazy\" decoding=\"async\" class=\"size-large wp-image-9745\" src=\"https:\/\/agora.xtec.cat\/inslesvinyescubelles\/wp-content\/uploads\/usu375\/2018\/10\/pancarta_guanyador_logo-1024x768.jpg\" alt=\"\" width=\"1024\" height=\"768\" srcset=\"https:\/\/agora.xtec.cat\/inslesvinyescubelles\/wp-content\/uploads\/usu375\/2018\/10\/pancarta_guanyador_logo-1024x768.jpg 1024w, https:\/\/agora.xtec.cat\/inslesvinyescubelles\/wp-content\/uploads\/usu375\/2018\/10\/pancarta_guanyador_logo-300x225.jpg 300w, https:\/\/agora.xtec.cat\/inslesvinyescubelles\/wp-content\/uploads\/usu375\/2018\/10\/pancarta_guanyador_logo-768x576.jpg 768w, https:\/\/agora.xtec.cat\/inslesvinyescubelles\/wp-content\/uploads\/usu375\/2018\/10\/pancarta_guanyador_logo-200x150.jpg 200w, https:\/\/agora.xtec.cat\/inslesvinyescubelles\/wp-content\/uploads\/usu375\/2018\/10\/pancarta_guanyador_logo.jpg 2000w\" sizes=\"auto, (max-width: 1024px) 100vw, 1024px\" \/><\/a><\/p>\n<h4 style=\"text-align: center;\"><a href=\"https:\/\/agora.xtec.cat\/inslesvinyescubelles\/x-aniversari-de-linstitut-les-vinyes\/\">Vestim de celebraci\u00f3 l&#8217;Institut amb pancartes commemoratives amb el logotip guanyador<\/a><\/h4>\n","protected":false},"excerpt":{"rendered":"<p>Adri\u00e0 Fern\u00e0ndez de 3r C, guanyador del concurs de dibuix per triar el logotip del 10\u00e8 aniversari<br \/>\n<a href=\"https:\/\/agora.xtec.cat\/inslesvinyescubelles\/wp-content\/uploads\/usu375\/2018\/10\/pancarta_guanyador_logo.jpg\"><\/a><br \/>\n<a href=\"https:\/\/agora.xtec.cat\/inslesvinyescubelles\/x-aniversari-de-linstitut-les-vinyes\/\">Vestim de celebraci\u00f3 l&#8217;Institut amb pancartes commemoratives amb el logotip guanyador<\/a><\/p>\n","protected":false},"author":1,"featured_media":0,"comment_status":"open","ping_status":"closed","sticky":false,"template":"","format":"standard","meta":{"_bbp_topic_count":0,"_bbp_reply_count":0,"_bbp_total_topic_count":0,"_bbp_total_reply_count":0,"_bbp_voice_count":0,"_bbp_anonymous_reply_count":0,"_bbp_topic_count_hidden":0,"_bbp_reply_count_hidden":0,"_bbp_forum_subforum_count":0,"footnotes":""},"categories":[1,29],"tags":[],"class_list":["post-9638","post","type-post","status-publish","format-standard","hentry","category-general","category-portada"],"post_mailing_queue_ids":[],"_links":{"self":[{"href":"https:\/\/agora.xtec.cat\/inslesvinyescubelles\/wp-json\/wp\/v2\/posts\/9638","targetHints":{"allow":["GET"]}}],"collection":[{"href":"https:\/\/agora.xtec.cat\/inslesvinyescubelles\/wp-json\/wp\/v2\/posts"}],"about":[{"href":"https:\/\/agora.xtec.cat\/inslesvinyescubelles\/wp-json\/wp\/v2\/types\/post"}],"author":[{"embeddable":true,"href":"https:\/\/agora.xtec.cat\/inslesvinyescubelles\/wp-json\/wp\/v2\/users\/1"}],"replies":[{"embeddable":true,"href":"https:\/\/agora.xtec.cat\/inslesvinyescubelles\/wp-json\/wp\/v2\/comments?post=9638"}],"version-history":[{"count":4,"href":"https:\/\/agora.xtec.cat\/inslesvinyescubelles\/wp-json\/wp\/v2\/posts\/9638\/revisions"}],"predecessor-version":[{"id":9750,"href":"https:\/\/agora.xtec.cat\/inslesvinyescubelles\/wp-json\/wp\/v2\/posts\/9638\/revisions\/9750"}],"wp:attachment":[{"href":"https:\/\/agora.xtec.cat\/inslesvinyescubelles\/wp-json\/wp\/v2\/media?parent=9638"}],"wp:term":[{"taxonomy":"category","embeddable":true,"href":"https:\/\/agora.xtec.cat\/inslesvinyescubelles\/wp-json\/wp\/v2\/categories?post=9638"},{"taxonomy":"post_tag","embeddable":true,"href":"https:\/\/agora.xtec.cat\/inslesvinyescubelles\/wp-json\/wp\/v2\/tags?post=9638"}],"curies":[{"name":"wp","href":"https:\/\/api.w.org\/{rel}","templated":true}]}}