{"id":9203,"date":"2018-01-30T18:10:17","date_gmt":"2018-01-30T17:10:17","guid":{"rendered":"http:\/\/agora.xtec.cat\/inslesvinyescubelles\/?p=9203"},"modified":"2018-09-16T13:21:02","modified_gmt":"2018-09-16T11:21:02","slug":"visita-espai-xocolata-simon-coll-i-caves-codorniu","status":"publish","type":"post","link":"https:\/\/agora.xtec.cat\/inslesvinyescubelles\/portada\/visita-espai-xocolata-simon-coll-i-caves-codorniu\/","title":{"rendered":"Visita Espai xocolata Sim\u00f3n Coll i Caves Codorniu"},"content":{"rendered":"<p>Avui hem anat fins Sant Sadurn\u00ed amb 2n d&#8217;ESO a con\u00e8ixer el proc\u00e9s de producci\u00f3 de dues f\u00e0briques: la de xocolata de\u00a0<span class=\"hiddenSpellError\">Sim\u00f3n<\/span>\u00a0Coll i la del Cava de Codorniu.<\/p>\n<p>A\u00a0<span class=\"hiddenSpellError\">Sim\u00f3n<\/span>\u00a0Coll hem pogut degustar tres tipus de xocolata i veure una planta de producci\u00f3 de bombons i una m\u00e0quina de fabricaci\u00f3 d&#8217;ous de Pasqua.<\/p>\n<p><span class=\"hiddenGrammarError\">A les Caves<\/span>\u00a0Codorniu hem fet una visita per les seves instal\u00b7lacions i edificis, d&#8217;arquitectura modernista i un passeig per l&#8217;interior de les caves. Per \u00faltim, el m\u00e9s divertit,\u00a0un passeig\u00a0amb trenet rodejat d&#8217;ampolles de cava. Tamb\u00e9 hem pogut gaudir d&#8217;una degustaci\u00f3 de most de ra\u00efm.<\/p>\n<p>A continuaci\u00f3 una mostra del dia d&#8217;avui:<\/p>\n\n\t\t<style type=\"text\/css\">\n\t\t\t#gallery-1 {\n\t\t\t\tmargin: auto;\n\t\t\t}\n\t\t\t#gallery-1 .gallery-item {\n\t\t\t\tfloat: left;\n\t\t\t\tmargin-top: 10px;\n\t\t\t\ttext-align: center;\n\t\t\t\twidth: 33%;\n\t\t\t}\n\t\t\t#gallery-1 img {\n\t\t\t\tborder: 2px solid #cfcfcf;\n\t\t\t}\n\t\t\t#gallery-1 .gallery-caption {\n\t\t\t\tmargin-left: 0;\n\t\t\t}\n\t\t\t\/* see gallery_shortcode() in wp-includes\/media.php *\/\n\t\t<\/style>\n\t\t<div id='gallery-1' class='gallery galleryid-9203 gallery-columns-3 gallery-size-large'><dl class='gallery-item'>\n\t\t\t<dt class='gallery-icon landscape'>\n\t\t\t\t<a href='https:\/\/agora.xtec.cat\/inslesvinyescubelles\/portada\/visita-espai-xocolata-simon-coll-i-caves-codorniu\/attachment\/20180130_112930\/'><img loading=\"lazy\" decoding=\"async\" width=\"1024\" height=\"576\" src=\"https:\/\/agora.xtec.cat\/inslesvinyescubelles\/wp-content\/uploads\/usu375\/2018\/01\/20180130_112930-1024x576.jpg\" class=\"attachment-large size-large\" alt=\"\" aria-describedby=\"gallery-1-9208\" srcset=\"https:\/\/agora.xtec.cat\/inslesvinyescubelles\/wp-content\/uploads\/usu375\/2018\/01\/20180130_112930-1024x576.jpg 1024w, https:\/\/agora.xtec.cat\/inslesvinyescubelles\/wp-content\/uploads\/usu375\/2018\/01\/20180130_112930-300x169.jpg 300w, https:\/\/agora.xtec.cat\/inslesvinyescubelles\/wp-content\/uploads\/usu375\/2018\/01\/20180130_112930-768x432.jpg 768w\" sizes=\"auto, (max-width: 1024px) 100vw, 1024px\" \/><\/a>\n\t\t\t<\/dt>\n\t\t\t\t<dd class='wp-caption-text gallery-caption' id='gallery-1-9208'>\n\t\t\t\tVisita Sim\u00f3n Coll\n\t\t\t\t<\/dd><\/dl><dl class='gallery-item'>\n\t\t\t<dt class='gallery-icon landscape'>\n\t\t\t\t<a href='https:\/\/agora.xtec.cat\/inslesvinyescubelles\/portada\/visita-espai-xocolata-simon-coll-i-caves-codorniu\/attachment\/20180130_112956\/'><img loading=\"lazy\" decoding=\"async\" width=\"1024\" height=\"576\" src=\"https:\/\/agora.xtec.cat\/inslesvinyescubelles\/wp-content\/uploads\/usu375\/2018\/01\/20180130_112956-1024x576.jpg\" class=\"attachment-large size-large\" alt=\"\" aria-describedby=\"gallery-1-9209\" srcset=\"https:\/\/agora.xtec.cat\/inslesvinyescubelles\/wp-content\/uploads\/usu375\/2018\/01\/20180130_112956-1024x576.jpg 1024w, https:\/\/agora.xtec.cat\/inslesvinyescubelles\/wp-content\/uploads\/usu375\/2018\/01\/20180130_112956-300x169.jpg 300w, https:\/\/agora.xtec.cat\/inslesvinyescubelles\/wp-content\/uploads\/usu375\/2018\/01\/20180130_112956-768x432.jpg 768w\" sizes=\"auto, (max-width: 1024px) 100vw, 1024px\" \/><\/a>\n\t\t\t<\/dt>\n\t\t\t\t<dd class='wp-caption-text gallery-caption' id='gallery-1-9209'>\n\t\t\t\tVisita Sim\u00f3n Coll\n\t\t\t\t<\/dd><\/dl><dl class='gallery-item'>\n\t\t\t<dt class='gallery-icon landscape'>\n\t\t\t\t<a href='https:\/\/agora.xtec.cat\/inslesvinyescubelles\/portada\/visita-espai-xocolata-simon-coll-i-caves-codorniu\/attachment\/20180130_130807\/'><img loading=\"lazy\" decoding=\"async\" width=\"1024\" height=\"576\" src=\"https:\/\/agora.xtec.cat\/inslesvinyescubelles\/wp-content\/uploads\/usu375\/2018\/01\/20180130_130807-1024x576.jpg\" class=\"attachment-large size-large\" alt=\"\" aria-describedby=\"gallery-1-9211\" srcset=\"https:\/\/agora.xtec.cat\/inslesvinyescubelles\/wp-content\/uploads\/usu375\/2018\/01\/20180130_130807-1024x576.jpg 1024w, https:\/\/agora.xtec.cat\/inslesvinyescubelles\/wp-content\/uploads\/usu375\/2018\/01\/20180130_130807-300x169.jpg 300w, https:\/\/agora.xtec.cat\/inslesvinyescubelles\/wp-content\/uploads\/usu375\/2018\/01\/20180130_130807-768x432.jpg 768w\" sizes=\"auto, (max-width: 1024px) 100vw, 1024px\" \/><\/a>\n\t\t\t<\/dt>\n\t\t\t\t<dd class='wp-caption-text gallery-caption' id='gallery-1-9211'>\n\t\t\t\tExterior Caves Codorniu\n\t\t\t\t<\/dd><\/dl><br style=\"clear: both\" \/><dl class='gallery-item'>\n\t\t\t<dt class='gallery-icon landscape'>\n\t\t\t\t<a href='https:\/\/agora.xtec.cat\/inslesvinyescubelles\/portada\/visita-espai-xocolata-simon-coll-i-caves-codorniu\/attachment\/20180130_130353\/'><img loading=\"lazy\" decoding=\"async\" width=\"1024\" height=\"576\" src=\"https:\/\/agora.xtec.cat\/inslesvinyescubelles\/wp-content\/uploads\/usu375\/2018\/01\/20180130_130353-1024x576.jpg\" class=\"attachment-large size-large\" alt=\"\" aria-describedby=\"gallery-1-9210\" srcset=\"https:\/\/agora.xtec.cat\/inslesvinyescubelles\/wp-content\/uploads\/usu375\/2018\/01\/20180130_130353-1024x576.jpg 1024w, https:\/\/agora.xtec.cat\/inslesvinyescubelles\/wp-content\/uploads\/usu375\/2018\/01\/20180130_130353-300x169.jpg 300w, https:\/\/agora.xtec.cat\/inslesvinyescubelles\/wp-content\/uploads\/usu375\/2018\/01\/20180130_130353-768x432.jpg 768w\" sizes=\"auto, (max-width: 1024px) 100vw, 1024px\" \/><\/a>\n\t\t\t<\/dt>\n\t\t\t\t<dd class='wp-caption-text gallery-caption' id='gallery-1-9210'>\n\t\t\t\tExterior Caves Codorniu\n\t\t\t\t<\/dd><\/dl><dl class='gallery-item'>\n\t\t\t<dt class='gallery-icon landscape'>\n\t\t\t\t<a href='https:\/\/agora.xtec.cat\/inslesvinyescubelles\/portada\/visita-espai-xocolata-simon-coll-i-caves-codorniu\/attachment\/img-20180130-wa0007\/'><img loading=\"lazy\" decoding=\"async\" width=\"1024\" height=\"768\" src=\"https:\/\/agora.xtec.cat\/inslesvinyescubelles\/wp-content\/uploads\/usu375\/2018\/01\/IMG-20180130-WA0007-1024x768.jpg\" class=\"attachment-large size-large\" alt=\"\" aria-describedby=\"gallery-1-9207\" srcset=\"https:\/\/agora.xtec.cat\/inslesvinyescubelles\/wp-content\/uploads\/usu375\/2018\/01\/IMG-20180130-WA0007-1024x768.jpg 1024w, https:\/\/agora.xtec.cat\/inslesvinyescubelles\/wp-content\/uploads\/usu375\/2018\/01\/IMG-20180130-WA0007-300x225.jpg 300w, https:\/\/agora.xtec.cat\/inslesvinyescubelles\/wp-content\/uploads\/usu375\/2018\/01\/IMG-20180130-WA0007-768x576.jpg 768w, https:\/\/agora.xtec.cat\/inslesvinyescubelles\/wp-content\/uploads\/usu375\/2018\/01\/IMG-20180130-WA0007-200x150.jpg 200w, https:\/\/agora.xtec.cat\/inslesvinyescubelles\/wp-content\/uploads\/usu375\/2018\/01\/IMG-20180130-WA0007.jpg 1328w\" sizes=\"auto, (max-width: 1024px) 100vw, 1024px\" \/><\/a>\n\t\t\t<\/dt>\n\t\t\t\t<dd class='wp-caption-text gallery-caption' id='gallery-1-9207'>\n\t\t\t\tInterior Caves Codorniu\n\t\t\t\t<\/dd><\/dl><dl class='gallery-item'>\n\t\t\t<dt class='gallery-icon landscape'>\n\t\t\t\t<a href='https:\/\/agora.xtec.cat\/inslesvinyescubelles\/portada\/visita-espai-xocolata-simon-coll-i-caves-codorniu\/attachment\/20180130_134918\/'><img loading=\"lazy\" decoding=\"async\" width=\"1024\" height=\"576\" src=\"https:\/\/agora.xtec.cat\/inslesvinyescubelles\/wp-content\/uploads\/usu375\/2018\/01\/20180130_134918-1024x576.jpg\" class=\"attachment-large size-large\" alt=\"\" aria-describedby=\"gallery-1-9206\" srcset=\"https:\/\/agora.xtec.cat\/inslesvinyescubelles\/wp-content\/uploads\/usu375\/2018\/01\/20180130_134918-1024x576.jpg 1024w, https:\/\/agora.xtec.cat\/inslesvinyescubelles\/wp-content\/uploads\/usu375\/2018\/01\/20180130_134918-300x169.jpg 300w, https:\/\/agora.xtec.cat\/inslesvinyescubelles\/wp-content\/uploads\/usu375\/2018\/01\/20180130_134918-768x432.jpg 768w\" sizes=\"auto, (max-width: 1024px) 100vw, 1024px\" \/><\/a>\n\t\t\t<\/dt>\n\t\t\t\t<dd class='wp-caption-text gallery-caption' id='gallery-1-9206'>\n\t\t\t\tInterior Caves Codorniu\n\t\t\t\t<\/dd><\/dl><br style=\"clear: both\" \/><dl class='gallery-item'>\n\t\t\t<dt class='gallery-icon landscape'>\n\t\t\t\t<a href='https:\/\/agora.xtec.cat\/inslesvinyescubelles\/portada\/visita-espai-xocolata-simon-coll-i-caves-codorniu\/attachment\/20180130_133241\/'><img loading=\"lazy\" decoding=\"async\" width=\"1024\" height=\"576\" src=\"https:\/\/agora.xtec.cat\/inslesvinyescubelles\/wp-content\/uploads\/usu375\/2018\/01\/20180130_133241-1024x576.jpg\" class=\"attachment-large size-large\" alt=\"\" aria-describedby=\"gallery-1-9205\" srcset=\"https:\/\/agora.xtec.cat\/inslesvinyescubelles\/wp-content\/uploads\/usu375\/2018\/01\/20180130_133241-1024x576.jpg 1024w, https:\/\/agora.xtec.cat\/inslesvinyescubelles\/wp-content\/uploads\/usu375\/2018\/01\/20180130_133241-300x169.jpg 300w, https:\/\/agora.xtec.cat\/inslesvinyescubelles\/wp-content\/uploads\/usu375\/2018\/01\/20180130_133241-768x432.jpg 768w\" sizes=\"auto, (max-width: 1024px) 100vw, 1024px\" \/><\/a>\n\t\t\t<\/dt>\n\t\t\t\t<dd class='wp-caption-text gallery-caption' id='gallery-1-9205'>\n\t\t\t\tInterior Caves Codorniu\n\t\t\t\t<\/dd><\/dl><dl class='gallery-item'>\n\t\t\t<dt class='gallery-icon landscape'>\n\t\t\t\t<a href='https:\/\/agora.xtec.cat\/inslesvinyescubelles\/portada\/visita-espai-xocolata-simon-coll-i-caves-codorniu\/attachment\/20180130_131517\/'><img loading=\"lazy\" decoding=\"async\" width=\"1024\" height=\"576\" src=\"https:\/\/agora.xtec.cat\/inslesvinyescubelles\/wp-content\/uploads\/usu375\/2018\/01\/20180130_131517-1024x576.jpg\" class=\"attachment-large size-large\" alt=\"\" aria-describedby=\"gallery-1-9204\" srcset=\"https:\/\/agora.xtec.cat\/inslesvinyescubelles\/wp-content\/uploads\/usu375\/2018\/01\/20180130_131517-1024x576.jpg 1024w, https:\/\/agora.xtec.cat\/inslesvinyescubelles\/wp-content\/uploads\/usu375\/2018\/01\/20180130_131517-300x169.jpg 300w, https:\/\/agora.xtec.cat\/inslesvinyescubelles\/wp-content\/uploads\/usu375\/2018\/01\/20180130_131517-768x432.jpg 768w\" sizes=\"auto, (max-width: 1024px) 100vw, 1024px\" \/><\/a>\n\t\t\t<\/dt>\n\t\t\t\t<dd class='wp-caption-text gallery-caption' id='gallery-1-9204'>\n\t\t\t\tInterior Caves Codorniu\n\t\t\t\t<\/dd><\/dl>\n\t\t\t<br style='clear: both' \/>\n\t\t<\/div>\n\n<p>&nbsp;<\/p>\n","protected":false},"excerpt":{"rendered":"<p>Avui hem anat fins Sant Sadurn\u00ed amb 2n d&#8217;ESO a con\u00e8ixer el proc\u00e9s de producci\u00f3 de dues f\u00e0briques: la de xocolata de\u00a0Sim\u00f3n\u00a0Coll i la del Cava de Codorniu.<br \/>\nA\u00a0Sim\u00f3n\u00a0Coll hem pogut degustar tres tipus de xocolata i veure una planta de producci\u00f3 de bombons i una&hellip;  <a href=\"https:\/\/agora.xtec.cat\/inslesvinyescubelles\/portada\/visita-espai-xocolata-simon-coll-i-caves-codorniu\/\" title=\"Read Visita Espai xocolata Sim\u00f3n Coll i Caves Codorniu\">Llegeix m\u00e9s\u00bb<\/a><\/p>\n","protected":false},"author":1,"featured_media":9208,"comment_status":"open","ping_status":"closed","sticky":false,"template":"","format":"standard","meta":{"_bbp_topic_count":0,"_bbp_reply_count":0,"_bbp_total_topic_count":0,"_bbp_total_reply_count":0,"_bbp_voice_count":0,"_bbp_anonymous_reply_count":0,"_bbp_topic_count_hidden":0,"_bbp_reply_count_hidden":0,"_bbp_forum_subforum_count":0,"footnotes":""},"categories":[77,29],"tags":[],"class_list":["post-9203","post","type-post","status-publish","format-standard","has-post-thumbnail","hentry","category-eso-4a","category-portada"],"post_mailing_queue_ids":[],"_links":{"self":[{"href":"https:\/\/agora.xtec.cat\/inslesvinyescubelles\/wp-json\/wp\/v2\/posts\/9203","targetHints":{"allow":["GET"]}}],"collection":[{"href":"https:\/\/agora.xtec.cat\/inslesvinyescubelles\/wp-json\/wp\/v2\/posts"}],"about":[{"href":"https:\/\/agora.xtec.cat\/inslesvinyescubelles\/wp-json\/wp\/v2\/types\/post"}],"author":[{"embeddable":true,"href":"https:\/\/agora.xtec.cat\/inslesvinyescubelles\/wp-json\/wp\/v2\/users\/1"}],"replies":[{"embeddable":true,"href":"https:\/\/agora.xtec.cat\/inslesvinyescubelles\/wp-json\/wp\/v2\/comments?post=9203"}],"version-history":[{"count":1,"href":"https:\/\/agora.xtec.cat\/inslesvinyescubelles\/wp-json\/wp\/v2\/posts\/9203\/revisions"}],"predecessor-version":[{"id":9212,"href":"https:\/\/agora.xtec.cat\/inslesvinyescubelles\/wp-json\/wp\/v2\/posts\/9203\/revisions\/9212"}],"wp:featuredmedia":[{"embeddable":true,"href":"https:\/\/agora.xtec.cat\/inslesvinyescubelles\/wp-json\/wp\/v2\/media\/9208"}],"wp:attachment":[{"href":"https:\/\/agora.xtec.cat\/inslesvinyescubelles\/wp-json\/wp\/v2\/media?parent=9203"}],"wp:term":[{"taxonomy":"category","embeddable":true,"href":"https:\/\/agora.xtec.cat\/inslesvinyescubelles\/wp-json\/wp\/v2\/categories?post=9203"},{"taxonomy":"post_tag","embeddable":true,"href":"https:\/\/agora.xtec.cat\/inslesvinyescubelles\/wp-json\/wp\/v2\/tags?post=9203"}],"curies":[{"name":"wp","href":"https:\/\/api.w.org\/{rel}","templated":true}]}}