{"id":9181,"date":"2018-01-15T18:25:28","date_gmt":"2018-01-15T17:25:28","guid":{"rendered":"http:\/\/agora.xtec.cat\/inslesvinyescubelles\/?p=9181"},"modified":"2018-09-16T13:22:25","modified_gmt":"2018-09-16T11:22:25","slug":"wisibilizalas-2017","status":"publish","type":"post","link":"https:\/\/agora.xtec.cat\/inslesvinyescubelles\/4-eso1920\/eso-4a\/wisibilizalas-2017\/","title":{"rendered":"Wisibil\u00edzalas 2017"},"content":{"rendered":"<p>Amb un grup d&#8217;alumnes de 2n d&#8217;ESO i des de la materia de tecnologia participem\u00a0al concurs <a href=\"https:\/\/www.upf.edu\/ca\/web\/wisibilizalas\">Wisibil\u00edzalas 2017<\/a>.<\/p>\n<p><a href=\"https:\/\/inslesvinyescubell.wixsite.com\/wisibilizalas2017\"><img loading=\"lazy\" decoding=\"async\" class=\" wp-image-9199 aligncenter\" src=\"http:\/\/agora.xtec.cat\/inslesvinyescubelles\/wp-content\/uploads\/usu375\/2018\/01\/LOGO-PER-LA-WEB-300x272.png\" alt=\"\" width=\"234\" height=\"212\" srcset=\"https:\/\/agora.xtec.cat\/inslesvinyescubelles\/wp-content\/uploads\/usu375\/2018\/01\/LOGO-PER-LA-WEB-300x272.png 300w, https:\/\/agora.xtec.cat\/inslesvinyescubelles\/wp-content\/uploads\/usu375\/2018\/01\/LOGO-PER-LA-WEB.png 334w\" sizes=\"auto, (max-width: 234px) 100vw, 234px\" \/><\/a><\/p>\n<pre><\/pre>\n<p>La finalitat d&#8217;aquest concurs \u00e9s\u00a0lluitar contra els estereotips que associen el treball en tecnologia en particular, amb el g\u00e8nere mascul\u00ed. I els objectius que es pretenen\u00a0 aconseguir s\u00f3n:<\/p>\n<ul>\n<li>Generar reflexi\u00f3 en escoles i instituts sobre la menor visibilitat de les dones en ci\u00e8ncia i tecnologia.<\/li>\n<li>Donar visibilitat a dones que treballen en l&#8217;\u00e0mbit de les TIC.<\/li>\n<li>Potenciar les refer\u00e8ncies femenines en l&#8217;\u00e0mbit de la ci\u00e8ncia i la tecnologia.<\/li>\n<\/ul>\n<table style=\"width: 823px;\">\n<tbody>\n<tr style=\"height: 257px;\">\n<td style=\"width: 426px; height: 257px;\"><a href=\"http:\/\/agora.xtec.cat\/inslesvinyescubelles\/wp-content\/uploads\/usu375\/2018\/01\/IMG-20171205-WA0002.jpg\"><img loading=\"lazy\" decoding=\"async\" class=\"size-medium wp-image-9183 aligncenter\" src=\"http:\/\/agora.xtec.cat\/inslesvinyescubelles\/wp-content\/uploads\/usu375\/2018\/01\/IMG-20171205-WA0002-300x225.jpg\" alt=\"\" width=\"300\" height=\"225\" srcset=\"https:\/\/agora.xtec.cat\/inslesvinyescubelles\/wp-content\/uploads\/usu375\/2018\/01\/IMG-20171205-WA0002-300x225.jpg 300w, https:\/\/agora.xtec.cat\/inslesvinyescubelles\/wp-content\/uploads\/usu375\/2018\/01\/IMG-20171205-WA0002-768x576.jpg 768w, https:\/\/agora.xtec.cat\/inslesvinyescubelles\/wp-content\/uploads\/usu375\/2018\/01\/IMG-20171205-WA0002-1024x768.jpg 1024w, https:\/\/agora.xtec.cat\/inslesvinyescubelles\/wp-content\/uploads\/usu375\/2018\/01\/IMG-20171205-WA0002-200x150.jpg 200w, https:\/\/agora.xtec.cat\/inslesvinyescubelles\/wp-content\/uploads\/usu375\/2018\/01\/IMG-20171205-WA0002.jpg 1600w\" sizes=\"auto, (max-width: 300px) 100vw, 300px\" \/><\/a><\/td>\n<td style=\"width: 389px; height: 257px;\"><a href=\"http:\/\/agora.xtec.cat\/inslesvinyescubelles\/wp-content\/uploads\/usu375\/2018\/01\/DSC0983_opt.jpg\"><img loading=\"lazy\" decoding=\"async\" class=\" wp-image-9184 aligncenter\" src=\"http:\/\/agora.xtec.cat\/inslesvinyescubelles\/wp-content\/uploads\/usu375\/2018\/01\/DSC0983_opt-300x200.jpg\" alt=\"\" width=\"341\" height=\"227\" srcset=\"https:\/\/agora.xtec.cat\/inslesvinyescubelles\/wp-content\/uploads\/usu375\/2018\/01\/DSC0983_opt-300x200.jpg 300w, https:\/\/agora.xtec.cat\/inslesvinyescubelles\/wp-content\/uploads\/usu375\/2018\/01\/DSC0983_opt.jpg 400w\" sizes=\"auto, (max-width: 341px) 100vw, 341px\" \/><\/a><\/td>\n<\/tr>\n<tr style=\"height: 121px;\">\n<td style=\"width: 426px; height: 121px; text-align: center;\">\n<pre>Imatge: Entrevista per Skype amb <a href=\"https:\/\/inslesvinyescubell.wixsite.com\/wisibilizalas2017\/entrevista-a-gina-tost\">Gina Tost <\/a><\/pre>\n<\/td>\n<td style=\"width: 389px; height: 121px; text-align: center;\">\n<pre>\r\nImatge: Moment de l'entrevista a <a href=\"https:\/\/inslesvinyescubell.wixsite.com\/wisibilizalas2017\/entrevista-a-gema-climent\">Gema Climent<\/a>\r\n\r\n\r\n<\/pre>\n<\/td>\n<\/tr>\n<\/tbody>\n<\/table>\n<p>&nbsp;<\/p>\n<p style=\"text-align: left;\">Per participar en aquest concurs, hem buscat dues dones que es dediquen\u00a0al mon de la tecnologia de manera molt diferent. Les dones que hem escollit s\u00f3n:<\/p>\n<p><strong>Gina Tost<\/strong>\u00a0\u00a0(Barcelona,\u00a015 de febrer\u00a0de\u00a01985)<span style=\"font-size: 13.3333px;\">\u00a0C<\/span>omunicadora i periodista especialitzada en\u00a0videojocs\u00a0i\u00a0tecnologia, \u00e9s precursora del v\u00eddeo\u00a0online\u00a0a Internet, abans de la invenci\u00f3 de YouTube.<\/p>\n<p><strong>Gema Climent <\/strong>(Val\u00e8ncia, )\u00a0Fundadora de l&#8217;empresa basca\u00a0Nesplora, que aplica la tecnologia al diagn\u00f2stic del comportament i els trastorns neurol\u00f2gics. Han desenvolupat una t\u00e8cnica pionera que utilitza la realitat virtual per facilitar i millorar els mecanismes que permeten avaluar el comportament hum\u00e0.<\/p>\n<p>&nbsp;<\/p>\n<h3 style=\"text-align: center;\"><span style=\"color: #ff00ff;\">Hem quedat classificades dintre del TOP 10!!!\u00a0 \ud83d\ude06\u00a0<\/span><\/h3>\n<p><a href=\"http:\/\/agora.xtec.cat\/inslesvinyescubelles\/wp-content\/uploads\/usu375\/2018\/01\/Captura.jpg\"><img loading=\"lazy\" decoding=\"async\" class=\"size-large wp-image-9279 aligncenter\" src=\"http:\/\/agora.xtec.cat\/inslesvinyescubelles\/wp-content\/uploads\/usu375\/2018\/01\/Captura-1024x385.jpg\" alt=\"\" width=\"1024\" height=\"385\" srcset=\"https:\/\/agora.xtec.cat\/inslesvinyescubelles\/wp-content\/uploads\/usu375\/2018\/01\/Captura-1024x385.jpg 1024w, https:\/\/agora.xtec.cat\/inslesvinyescubelles\/wp-content\/uploads\/usu375\/2018\/01\/Captura-300x113.jpg 300w, https:\/\/agora.xtec.cat\/inslesvinyescubelles\/wp-content\/uploads\/usu375\/2018\/01\/Captura-768x289.jpg 768w, https:\/\/agora.xtec.cat\/inslesvinyescubelles\/wp-content\/uploads\/usu375\/2018\/01\/Captura.jpg 1220w\" sizes=\"auto, (max-width: 1024px) 100vw, 1024px\" \/><\/a><\/p>\n<p>&nbsp;<\/p>\n<p>&nbsp;<\/p>\n<p>&nbsp;<\/p>\n<p>&nbsp;<\/p>\n<p>&nbsp;<\/p>\n","protected":false},"excerpt":{"rendered":"<p>Amb un grup d&#8217;alumnes de 2n d&#8217;ESO i des de la materia de tecnologia participem\u00a0al concurs <a href=\"https:\/\/www.upf.edu\/ca\/web\/wisibilizalas\">Wisibil\u00edzalas 2017<\/a>.<br \/>\n<a href=\"https:\/\/inslesvinyescubell.wixsite.com\/wisibilizalas2017\"><\/a><\/p>\n<p>La finalitat d&#8217;aquest concurs \u00e9s\u00a0lluitar contra els estereotips que associen el treball en tecnologia en particular, amb el g\u00e8nere mascul\u00ed. I els objectius que es pretenen\u00a0&hellip;  <a href=\"https:\/\/agora.xtec.cat\/inslesvinyescubelles\/4-eso1920\/eso-4a\/wisibilizalas-2017\/\" title=\"Read Wisibil\u00edzalas 2017\">Llegeix m\u00e9s\u00bb<\/a><\/p>\n","protected":false},"author":1,"featured_media":9183,"comment_status":"open","ping_status":"closed","sticky":false,"template":"","format":"standard","meta":{"_bbp_topic_count":0,"_bbp_reply_count":0,"_bbp_total_topic_count":0,"_bbp_total_reply_count":0,"_bbp_voice_count":0,"_bbp_anonymous_reply_count":0,"_bbp_topic_count_hidden":0,"_bbp_reply_count_hidden":0,"_bbp_forum_subforum_count":0,"footnotes":""},"categories":[77],"tags":[],"class_list":["post-9181","post","type-post","status-publish","format-standard","has-post-thumbnail","hentry","category-eso-4a"],"post_mailing_queue_ids":[],"_links":{"self":[{"href":"https:\/\/agora.xtec.cat\/inslesvinyescubelles\/wp-json\/wp\/v2\/posts\/9181","targetHints":{"allow":["GET"]}}],"collection":[{"href":"https:\/\/agora.xtec.cat\/inslesvinyescubelles\/wp-json\/wp\/v2\/posts"}],"about":[{"href":"https:\/\/agora.xtec.cat\/inslesvinyescubelles\/wp-json\/wp\/v2\/types\/post"}],"author":[{"embeddable":true,"href":"https:\/\/agora.xtec.cat\/inslesvinyescubelles\/wp-json\/wp\/v2\/users\/1"}],"replies":[{"embeddable":true,"href":"https:\/\/agora.xtec.cat\/inslesvinyescubelles\/wp-json\/wp\/v2\/comments?post=9181"}],"version-history":[{"count":3,"href":"https:\/\/agora.xtec.cat\/inslesvinyescubelles\/wp-json\/wp\/v2\/posts\/9181\/revisions"}],"predecessor-version":[{"id":9280,"href":"https:\/\/agora.xtec.cat\/inslesvinyescubelles\/wp-json\/wp\/v2\/posts\/9181\/revisions\/9280"}],"wp:featuredmedia":[{"embeddable":true,"href":"https:\/\/agora.xtec.cat\/inslesvinyescubelles\/wp-json\/wp\/v2\/media\/9183"}],"wp:attachment":[{"href":"https:\/\/agora.xtec.cat\/inslesvinyescubelles\/wp-json\/wp\/v2\/media?parent=9181"}],"wp:term":[{"taxonomy":"category","embeddable":true,"href":"https:\/\/agora.xtec.cat\/inslesvinyescubelles\/wp-json\/wp\/v2\/categories?post=9181"},{"taxonomy":"post_tag","embeddable":true,"href":"https:\/\/agora.xtec.cat\/inslesvinyescubelles\/wp-json\/wp\/v2\/tags?post=9181"}],"curies":[{"name":"wp","href":"https:\/\/api.w.org\/{rel}","templated":true}]}}