{"id":9116,"date":"2017-11-01T18:42:21","date_gmt":"2017-11-01T17:42:21","guid":{"rendered":"http:\/\/agora.xtec.cat\/inslesvinyescubelles\/?p=9116"},"modified":"2017-11-01T20:08:56","modified_gmt":"2017-11-01T19:08:56","slug":"passejada-al-panta-del-foix","status":"publish","type":"post","link":"https:\/\/agora.xtec.cat\/inslesvinyescubelles\/portada\/passejada-al-panta-del-foix\/","title":{"rendered":"Passejada cap al Pant\u00e0 del Foix"},"content":{"rendered":"<p style=\"text-align: center;\"><iframe loading=\"lazy\" src=\"\/\/www.youtube.com\/embed\/iEgiUgJvEtg\" width=\"560\" height=\"314\" allowfullscreen=\"allowfullscreen\"><\/iframe><\/p>\n<p>Per celebrar la Castanyada, enguany hem anat tots plegats, alumnat de 1r i 2n d\u2019ESO i professorat, a fer una agradable passejada pels indrets naturals que ens duen al Pant\u00e0 del Foix.<\/p>\n<p>Tot i que a primera hora els n\u00favols grisos amena\u00e7aven pluja, finalment el cel ens ha donat una treva i hem pogut compartir aquesta experi\u00e8ncia necess\u00e0ria i enriquidora en contacte amb la natura.<\/p>\n","protected":false},"excerpt":{"rendered":"<p>Per celebrar la Castanyada, enguany hem anat tots plegats, alumnat de 1r i 2n d\u2019ESO i professorat, a fer una agradable passejada pels indrets naturals que ens duen al Pant\u00e0 del Foix.<br \/>\nTot i que a primera hora els n\u00favols grisos amena\u00e7aven pluja, finalment el cel&hellip;  <a href=\"https:\/\/agora.xtec.cat\/inslesvinyescubelles\/portada\/passejada-al-panta-del-foix\/\" title=\"Read Passejada cap al Pant\u00e0 del Foix\">Llegeix m\u00e9s\u00bb<\/a><\/p>\n","protected":false},"author":1,"featured_media":0,"comment_status":"open","ping_status":"closed","sticky":false,"template":"","format":"standard","meta":{"_bbp_topic_count":0,"_bbp_reply_count":0,"_bbp_total_topic_count":0,"_bbp_total_reply_count":0,"_bbp_voice_count":0,"_bbp_anonymous_reply_count":0,"_bbp_topic_count_hidden":0,"_bbp_reply_count_hidden":0,"_bbp_forum_subforum_count":0,"footnotes":""},"categories":[29],"tags":[],"class_list":["post-9116","post","type-post","status-publish","format-standard","hentry","category-portada"],"post_mailing_queue_ids":[],"_links":{"self":[{"href":"https:\/\/agora.xtec.cat\/inslesvinyescubelles\/wp-json\/wp\/v2\/posts\/9116","targetHints":{"allow":["GET"]}}],"collection":[{"href":"https:\/\/agora.xtec.cat\/inslesvinyescubelles\/wp-json\/wp\/v2\/posts"}],"about":[{"href":"https:\/\/agora.xtec.cat\/inslesvinyescubelles\/wp-json\/wp\/v2\/types\/post"}],"author":[{"embeddable":true,"href":"https:\/\/agora.xtec.cat\/inslesvinyescubelles\/wp-json\/wp\/v2\/users\/1"}],"replies":[{"embeddable":true,"href":"https:\/\/agora.xtec.cat\/inslesvinyescubelles\/wp-json\/wp\/v2\/comments?post=9116"}],"version-history":[{"count":3,"href":"https:\/\/agora.xtec.cat\/inslesvinyescubelles\/wp-json\/wp\/v2\/posts\/9116\/revisions"}],"predecessor-version":[{"id":9125,"href":"https:\/\/agora.xtec.cat\/inslesvinyescubelles\/wp-json\/wp\/v2\/posts\/9116\/revisions\/9125"}],"wp:attachment":[{"href":"https:\/\/agora.xtec.cat\/inslesvinyescubelles\/wp-json\/wp\/v2\/media?parent=9116"}],"wp:term":[{"taxonomy":"category","embeddable":true,"href":"https:\/\/agora.xtec.cat\/inslesvinyescubelles\/wp-json\/wp\/v2\/categories?post=9116"},{"taxonomy":"post_tag","embeddable":true,"href":"https:\/\/agora.xtec.cat\/inslesvinyescubelles\/wp-json\/wp\/v2\/tags?post=9116"}],"curies":[{"name":"wp","href":"https:\/\/api.w.org\/{rel}","templated":true}]}}