{"id":519,"date":"2015-09-15T21:57:22","date_gmt":"2015-09-15T20:57:22","guid":{"rendered":"http:\/\/agora.xtec.cat\/inslesvinyescubelles\/?p=519"},"modified":"2015-10-19T15:49:17","modified_gmt":"2015-10-19T14:49:17","slug":"inici-de-classes","status":"publish","type":"post","link":"https:\/\/agora.xtec.cat\/inslesvinyescubelles\/portada\/inici-de-classes\/","title":{"rendered":"Inici de classes"},"content":{"rendered":"<p>Aquest dilluns 14 de setembre han comen\u00e7at les activitats lectives al nostre centre.<\/p>\n<p>A l&#8217;alumnat que \u00e9s soci de l&#8217;AMPA se li lliurar\u00e0 de forma gratu\u00efta\u00a0l&#8217;agenda escolar.<\/p>\n<p><a href=\"http:\/\/agora.xtec.cat\/inslesvinyescubelles\/wp-content\/uploads\/usu375\/2015\/09\/agenda-e1442350490613.jpg\"><img loading=\"lazy\" decoding=\"async\" class=\" size-medium wp-image-520 alignleft\" src=\"http:\/\/agora.xtec.cat\/inslesvinyescubelles\/wp-content\/uploads\/usu375\/2015\/09\/agenda-218x300.jpg\" alt=\"agenda\" width=\"218\" height=\"300\" \/><\/a><\/p>\n<p>&nbsp;<\/p>\n<p>Disseny de portada: Facundo Godoy<\/p>\n<p>&nbsp;<\/p>\n<p><a href=\"http:\/\/agora.xtec.cat\/inslesvinyescubelles\/wp-content\/uploads\/usu375\/2015\/09\/agenda-e1442350490613.jpg\">\u00a0<\/a><\/p>\n","protected":false},"excerpt":{"rendered":"<p>Aquest dilluns 14 de setembre han comen\u00e7at les activitats lectives al nostre centre.<br \/>\nA l&#8217;alumnat que \u00e9s soci de l&#8217;AMPA se li lliurar\u00e0 de forma gratu\u00efta\u00a0l&#8217;agenda escolar.<br \/>\n<a href=\"http:\/\/agora.xtec.cat\/inslesvinyescubelles\/wp-content\/uploads\/usu375\/2015\/09\/agenda-e1442350490613.jpg\"><\/a><br \/>\n&nbsp;<br \/>\nDisseny de portada: Facundo Godoy<br \/>\n&nbsp;<br \/>\n<a href=\"http:\/\/agora.xtec.cat\/inslesvinyescubelles\/wp-content\/uploads\/usu375\/2015\/09\/agenda-e1442350490613.jpg\">\u00a0<\/a><\/p>\n","protected":false},"author":1,"featured_media":520,"comment_status":"open","ping_status":"open","sticky":false,"template":"","format":"standard","meta":{"_bbp_topic_count":0,"_bbp_reply_count":0,"_bbp_total_topic_count":0,"_bbp_total_reply_count":0,"_bbp_voice_count":0,"_bbp_anonymous_reply_count":0,"_bbp_topic_count_hidden":0,"_bbp_reply_count_hidden":0,"_bbp_forum_subforum_count":0,"footnotes":""},"categories":[29],"tags":[],"class_list":["post-519","post","type-post","status-publish","format-standard","has-post-thumbnail","hentry","category-portada"],"post_mailing_queue_ids":[],"_links":{"self":[{"href":"https:\/\/agora.xtec.cat\/inslesvinyescubelles\/wp-json\/wp\/v2\/posts\/519","targetHints":{"allow":["GET"]}}],"collection":[{"href":"https:\/\/agora.xtec.cat\/inslesvinyescubelles\/wp-json\/wp\/v2\/posts"}],"about":[{"href":"https:\/\/agora.xtec.cat\/inslesvinyescubelles\/wp-json\/wp\/v2\/types\/post"}],"author":[{"embeddable":true,"href":"https:\/\/agora.xtec.cat\/inslesvinyescubelles\/wp-json\/wp\/v2\/users\/1"}],"replies":[{"embeddable":true,"href":"https:\/\/agora.xtec.cat\/inslesvinyescubelles\/wp-json\/wp\/v2\/comments?post=519"}],"version-history":[{"count":1,"href":"https:\/\/agora.xtec.cat\/inslesvinyescubelles\/wp-json\/wp\/v2\/posts\/519\/revisions"}],"predecessor-version":[{"id":521,"href":"https:\/\/agora.xtec.cat\/inslesvinyescubelles\/wp-json\/wp\/v2\/posts\/519\/revisions\/521"}],"wp:featuredmedia":[{"embeddable":true,"href":"https:\/\/agora.xtec.cat\/inslesvinyescubelles\/wp-json\/wp\/v2\/media\/520"}],"wp:attachment":[{"href":"https:\/\/agora.xtec.cat\/inslesvinyescubelles\/wp-json\/wp\/v2\/media?parent=519"}],"wp:term":[{"taxonomy":"category","embeddable":true,"href":"https:\/\/agora.xtec.cat\/inslesvinyescubelles\/wp-json\/wp\/v2\/categories?post=519"},{"taxonomy":"post_tag","embeddable":true,"href":"https:\/\/agora.xtec.cat\/inslesvinyescubelles\/wp-json\/wp\/v2\/tags?post=519"}],"curies":[{"name":"wp","href":"https:\/\/api.w.org\/{rel}","templated":true}]}}