{"id":2675,"date":"2017-05-21T20:22:56","date_gmt":"2017-05-21T18:22:56","guid":{"rendered":"http:\/\/agora.xtec.cat\/inslesvinyescubelles\/?p=2675"},"modified":"2018-09-16T17:41:10","modified_gmt":"2018-09-16T15:41:10","slug":"4t-eso-xerrada-escola-empresa","status":"publish","type":"post","link":"https:\/\/agora.xtec.cat\/inslesvinyescubelles\/portada\/4t-eso-xerrada-escola-empresa\/","title":{"rendered":"4t ESO. Xerrada Escola-Empresa"},"content":{"rendered":"<p><a href=\"http:\/\/agora.xtec.cat\/inslesvinyescubelles\/wp-content\/uploads\/usu375\/2017\/05\/4t.jpg\"><img loading=\"lazy\" decoding=\"async\" class=\"wp-image-2678 alignleft\" src=\"http:\/\/agora.xtec.cat\/inslesvinyescubelles\/wp-content\/uploads\/usu375\/2017\/05\/4t-768x1024.jpg\" alt=\"4t\" width=\"375\" height=\"500\" srcset=\"https:\/\/agora.xtec.cat\/inslesvinyescubelles\/wp-content\/uploads\/usu375\/2017\/05\/4t-768x1024.jpg 768w, https:\/\/agora.xtec.cat\/inslesvinyescubelles\/wp-content\/uploads\/usu375\/2017\/05\/4t-225x300.jpg 225w, https:\/\/agora.xtec.cat\/inslesvinyescubelles\/wp-content\/uploads\/usu375\/2017\/05\/4t.jpg 1773w\" sizes=\"auto, (max-width: 375px) 100vw, 375px\" \/><\/a><\/p>\n<p>&nbsp;<\/p>\n<p>El passat divendres 19 de maig, l&#8217;alumnat\u00a0de 4t d&#8217;ESO va assistir a una xerrada que l&#8217;empresari Raffa Olivier va oferir-los dintre del\u00a0<strong>programa Escola i Empresa.<\/strong><\/p>\n<p>Partint de la seva viv\u00e8ncia, en Raffa els hi va transmetre amb molt d&#8217;entusiasme les qualitats i valors que ha de tenir un empresari i els hi va animar a fer realitat els seus somnis.\u00a0Valors com lideratge, empatia, creativitat, honestedat, iniciativa, comprom\u00eds, flexibilitat, assumpci\u00f3 de riscos, esperit d&#8217;equip i esperit critic van quedar impregnats en l&#8217;ambient de la classe, que es va mostrar molt interessada ara que han de pensar en \u00a0la seva projecci\u00f3 cap al futur professional.<\/p>\n<p>Moltes gr\u00e0cies senyor Olivier per apropar-nos a una visi\u00f3 de l&#8217;empresari i del paper de les empreses en la societat, m\u00e9s humana i compromesa amb la millora del m\u00f3n.<\/p>\n<p style=\"text-align: right;\"><a style=\"font-family: inherit; font-size: 1em;\" href=\"http:\/\/www.escolaempresa.cat\"><strong>www.escolaiempresa.cat<\/strong><\/a><\/p>\n<p style=\"text-align: right;\"><a href=\"http:\/\/agora.xtec.cat\/inslesvinyescubelles\/wp-content\/uploads\/usu375\/2017\/05\/escolaiempresa-femcat-gris.jpg\"><img loading=\"lazy\" decoding=\"async\" class=\"wp-image-2676 alignright\" src=\"http:\/\/agora.xtec.cat\/inslesvinyescubelles\/wp-content\/uploads\/usu375\/2017\/05\/escolaiempresa-femcat-gris.jpg\" alt=\"escolaiempresa-femcat-gris\" width=\"191\" height=\"101\" srcset=\"https:\/\/agora.xtec.cat\/inslesvinyescubelles\/wp-content\/uploads\/usu375\/2017\/05\/escolaiempresa-femcat-gris.jpg 532w, https:\/\/agora.xtec.cat\/inslesvinyescubelles\/wp-content\/uploads\/usu375\/2017\/05\/escolaiempresa-femcat-gris-300x158.jpg 300w\" sizes=\"auto, (max-width: 191px) 100vw, 191px\" \/><\/a><\/p>\n","protected":false},"excerpt":{"rendered":"<p><a href=\"http:\/\/agora.xtec.cat\/inslesvinyescubelles\/wp-content\/uploads\/usu375\/2017\/05\/4t.jpg\"><\/a><br \/>\n&nbsp;<br \/>\nEl passat divendres 19 de maig, l&#8217;alumnat\u00a0de 4t d&#8217;ESO va assistir a una xerrada que l&#8217;empresari Raffa Olivier va oferir-los dintre del\u00a0programa Escola i Empresa.<br \/>\nPartint de la seva viv\u00e8ncia, en Raffa els hi va transmetre amb molt d&#8217;entusiasme les qualitats i valors que ha&hellip;  <a href=\"https:\/\/agora.xtec.cat\/inslesvinyescubelles\/portada\/4t-eso-xerrada-escola-empresa\/\" title=\"Read 4t ESO. Xerrada Escola-Empresa\">Llegeix m\u00e9s\u00bb<\/a><\/p>\n","protected":false},"author":21,"featured_media":2678,"comment_status":"open","ping_status":"closed","sticky":false,"template":"","format":"standard","meta":{"_bbp_topic_count":0,"_bbp_reply_count":0,"_bbp_total_topic_count":0,"_bbp_total_reply_count":0,"_bbp_voice_count":0,"_bbp_anonymous_reply_count":0,"_bbp_topic_count_hidden":0,"_bbp_reply_count_hidden":0,"_bbp_forum_subforum_count":0,"footnotes":""},"categories":[29],"tags":[],"class_list":["post-2675","post","type-post","status-publish","format-standard","has-post-thumbnail","hentry","category-portada"],"post_mailing_queue_ids":[],"_links":{"self":[{"href":"https:\/\/agora.xtec.cat\/inslesvinyescubelles\/wp-json\/wp\/v2\/posts\/2675","targetHints":{"allow":["GET"]}}],"collection":[{"href":"https:\/\/agora.xtec.cat\/inslesvinyescubelles\/wp-json\/wp\/v2\/posts"}],"about":[{"href":"https:\/\/agora.xtec.cat\/inslesvinyescubelles\/wp-json\/wp\/v2\/types\/post"}],"author":[{"embeddable":true,"href":"https:\/\/agora.xtec.cat\/inslesvinyescubelles\/wp-json\/wp\/v2\/users\/21"}],"replies":[{"embeddable":true,"href":"https:\/\/agora.xtec.cat\/inslesvinyescubelles\/wp-json\/wp\/v2\/comments?post=2675"}],"version-history":[{"count":3,"href":"https:\/\/agora.xtec.cat\/inslesvinyescubelles\/wp-json\/wp\/v2\/posts\/2675\/revisions"}],"predecessor-version":[{"id":2684,"href":"https:\/\/agora.xtec.cat\/inslesvinyescubelles\/wp-json\/wp\/v2\/posts\/2675\/revisions\/2684"}],"wp:featuredmedia":[{"embeddable":true,"href":"https:\/\/agora.xtec.cat\/inslesvinyescubelles\/wp-json\/wp\/v2\/media\/2678"}],"wp:attachment":[{"href":"https:\/\/agora.xtec.cat\/inslesvinyescubelles\/wp-json\/wp\/v2\/media?parent=2675"}],"wp:term":[{"taxonomy":"category","embeddable":true,"href":"https:\/\/agora.xtec.cat\/inslesvinyescubelles\/wp-json\/wp\/v2\/categories?post=2675"},{"taxonomy":"post_tag","embeddable":true,"href":"https:\/\/agora.xtec.cat\/inslesvinyescubelles\/wp-json\/wp\/v2\/tags?post=2675"}],"curies":[{"name":"wp","href":"https:\/\/api.w.org\/{rel}","templated":true}]}}