{"id":2590,"date":"2017-04-16T17:34:48","date_gmt":"2017-04-16T15:34:48","guid":{"rendered":"http:\/\/agora.xtec.cat\/inslesvinyescubelles\/?p=2590"},"modified":"2018-09-16T17:50:28","modified_gmt":"2018-09-16T15:50:28","slug":"taller-de-primers-auxilis","status":"publish","type":"post","link":"https:\/\/agora.xtec.cat\/inslesvinyescubelles\/portada\/taller-de-primers-auxilis\/","title":{"rendered":"Taller de Primers Auxilis"},"content":{"rendered":"<p><a href=\"http:\/\/agora.xtec.cat\/inslesvinyescubelles\/wp-content\/uploads\/usu375\/2017\/04\/IMG_1058.jpg\"><img loading=\"lazy\" decoding=\"async\" class=\"alignnone wp-image-2588\" src=\"http:\/\/agora.xtec.cat\/inslesvinyescubelles\/wp-content\/uploads\/usu375\/2017\/04\/IMG_1058-576x1024.jpg\" alt=\"IMG_1058\" width=\"391\" height=\"696\" srcset=\"https:\/\/agora.xtec.cat\/inslesvinyescubelles\/wp-content\/uploads\/usu375\/2017\/04\/IMG_1058-576x1024.jpg 576w, https:\/\/agora.xtec.cat\/inslesvinyescubelles\/wp-content\/uploads\/usu375\/2017\/04\/IMG_1058-169x300.jpg 169w, https:\/\/agora.xtec.cat\/inslesvinyescubelles\/wp-content\/uploads\/usu375\/2017\/04\/IMG_1058-768x1365.jpg 768w, https:\/\/agora.xtec.cat\/inslesvinyescubelles\/wp-content\/uploads\/usu375\/2017\/04\/IMG_1058.jpg 900w\" sizes=\"auto, (max-width: 391px) 100vw, 391px\" \/><\/a><\/p>\n<p>L&#8217;\u00faltim divendres abans de les vacances de Pasqua, l&#8217;alumnat de 3r d&#8217;ESO \u00a0ha realitzat un taller pr\u00e0ctic de primers auxilis. L&#8217;objectiu del taller ha estat aprendre nocions b\u00e0siques que podran aplicar si en alguna ocasi\u00f3 es troben en una situaci\u00f3 d&#8217;emerg\u00e8ncia. La <em>maniobra de Heimlich<\/em> (desobstrucci\u00f3 de vies respirat\u00f2ries), <em>maniobra RPC<\/em> (reanimaci\u00f3 cardiovascular), han estat entre d&#8217;altres les pr\u00e0ctiques que han experimentat. El taller ha estat molt ben acollit entre els nois i les noies de 3r d&#8217;ESO, mostrant-se en tot moment molt interessats i participatius.<\/p>\n<p>T\u00e8cnics en primers auxilis de l&#8217;empresa SIS Prevenci\u00f3 i Bombers de professi\u00f3 han estat els monitors encarregats de formar al nostre alumnat.<\/p>\n<p><a href=\"http:\/\/agora.xtec.cat\/inslesvinyescubelles\/wp-content\/uploads\/usu375\/2017\/04\/IMG_1059.jpg\"><img loading=\"lazy\" decoding=\"async\" class=\"alignnone wp-image-2589\" src=\"http:\/\/agora.xtec.cat\/inslesvinyescubelles\/wp-content\/uploads\/usu375\/2017\/04\/IMG_1059-1024x576.jpg\" alt=\"IMG_1059\" width=\"562\" height=\"316\" srcset=\"https:\/\/agora.xtec.cat\/inslesvinyescubelles\/wp-content\/uploads\/usu375\/2017\/04\/IMG_1059-1024x576.jpg 1024w, https:\/\/agora.xtec.cat\/inslesvinyescubelles\/wp-content\/uploads\/usu375\/2017\/04\/IMG_1059-300x169.jpg 300w, https:\/\/agora.xtec.cat\/inslesvinyescubelles\/wp-content\/uploads\/usu375\/2017\/04\/IMG_1059-768x432.jpg 768w, https:\/\/agora.xtec.cat\/inslesvinyescubelles\/wp-content\/uploads\/usu375\/2017\/04\/IMG_1059.jpg 1600w\" sizes=\"auto, (max-width: 562px) 100vw, 562px\" \/><\/a> <a href=\"http:\/\/agora.xtec.cat\/inslesvinyescubelles\/wp-content\/uploads\/usu375\/2017\/04\/IMG_1057.jpg\"><img loading=\"lazy\" decoding=\"async\" class=\"alignnone wp-image-2587\" src=\"http:\/\/agora.xtec.cat\/inslesvinyescubelles\/wp-content\/uploads\/usu375\/2017\/04\/IMG_1057-768x1024.jpg\" alt=\"IMG_1057\" width=\"562\" height=\"749\" srcset=\"https:\/\/agora.xtec.cat\/inslesvinyescubelles\/wp-content\/uploads\/usu375\/2017\/04\/IMG_1057-768x1024.jpg 768w, https:\/\/agora.xtec.cat\/inslesvinyescubelles\/wp-content\/uploads\/usu375\/2017\/04\/IMG_1057-225x300.jpg 225w, https:\/\/agora.xtec.cat\/inslesvinyescubelles\/wp-content\/uploads\/usu375\/2017\/04\/IMG_1057.jpg 1200w\" sizes=\"auto, (max-width: 562px) 100vw, 562px\" \/><\/a><\/p>\n","protected":false},"excerpt":{"rendered":"<p><a href=\"http:\/\/agora.xtec.cat\/inslesvinyescubelles\/wp-content\/uploads\/usu375\/2017\/04\/IMG_1058.jpg\"><\/a><br \/>\nL&#8217;\u00faltim divendres abans de les vacances de Pasqua, l&#8217;alumnat de 3r d&#8217;ESO \u00a0ha realitzat un taller pr\u00e0ctic de primers auxilis. L&#8217;objectiu del taller ha estat aprendre nocions b\u00e0siques que podran aplicar si en alguna ocasi\u00f3 es troben en una situaci\u00f3 d&#8217;emerg\u00e8ncia. La maniobra de&hellip;  <a href=\"https:\/\/agora.xtec.cat\/inslesvinyescubelles\/portada\/taller-de-primers-auxilis\/\" title=\"Read Taller de Primers Auxilis\">Llegeix m\u00e9s\u00bb<\/a><\/p>\n","protected":false},"author":1,"featured_media":2588,"comment_status":"open","ping_status":"closed","sticky":false,"template":"","format":"standard","meta":{"_bbp_topic_count":0,"_bbp_reply_count":0,"_bbp_total_topic_count":0,"_bbp_total_reply_count":0,"_bbp_voice_count":0,"_bbp_anonymous_reply_count":0,"_bbp_topic_count_hidden":0,"_bbp_reply_count_hidden":0,"_bbp_forum_subforum_count":0,"footnotes":""},"categories":[29],"tags":[],"class_list":["post-2590","post","type-post","status-publish","format-standard","has-post-thumbnail","hentry","category-portada"],"post_mailing_queue_ids":[],"_links":{"self":[{"href":"https:\/\/agora.xtec.cat\/inslesvinyescubelles\/wp-json\/wp\/v2\/posts\/2590","targetHints":{"allow":["GET"]}}],"collection":[{"href":"https:\/\/agora.xtec.cat\/inslesvinyescubelles\/wp-json\/wp\/v2\/posts"}],"about":[{"href":"https:\/\/agora.xtec.cat\/inslesvinyescubelles\/wp-json\/wp\/v2\/types\/post"}],"author":[{"embeddable":true,"href":"https:\/\/agora.xtec.cat\/inslesvinyescubelles\/wp-json\/wp\/v2\/users\/1"}],"replies":[{"embeddable":true,"href":"https:\/\/agora.xtec.cat\/inslesvinyescubelles\/wp-json\/wp\/v2\/comments?post=2590"}],"version-history":[{"count":3,"href":"https:\/\/agora.xtec.cat\/inslesvinyescubelles\/wp-json\/wp\/v2\/posts\/2590\/revisions"}],"predecessor-version":[{"id":2593,"href":"https:\/\/agora.xtec.cat\/inslesvinyescubelles\/wp-json\/wp\/v2\/posts\/2590\/revisions\/2593"}],"wp:featuredmedia":[{"embeddable":true,"href":"https:\/\/agora.xtec.cat\/inslesvinyescubelles\/wp-json\/wp\/v2\/media\/2588"}],"wp:attachment":[{"href":"https:\/\/agora.xtec.cat\/inslesvinyescubelles\/wp-json\/wp\/v2\/media?parent=2590"}],"wp:term":[{"taxonomy":"category","embeddable":true,"href":"https:\/\/agora.xtec.cat\/inslesvinyescubelles\/wp-json\/wp\/v2\/categories?post=2590"},{"taxonomy":"post_tag","embeddable":true,"href":"https:\/\/agora.xtec.cat\/inslesvinyescubelles\/wp-json\/wp\/v2\/tags?post=2590"}],"curies":[{"name":"wp","href":"https:\/\/api.w.org\/{rel}","templated":true}]}}