{"id":2570,"date":"2017-04-02T13:51:55","date_gmt":"2017-04-02T11:51:55","guid":{"rendered":"http:\/\/agora.xtec.cat\/inslesvinyescubelles\/?p=2570"},"modified":"2018-09-15T23:50:50","modified_gmt":"2018-09-15T21:50:50","slug":"xerrada-de-proactiva-open-arms-3r-eso","status":"publish","type":"post","link":"https:\/\/agora.xtec.cat\/inslesvinyescubelles\/portada\/xerrada-de-proactiva-open-arms-3r-eso\/","title":{"rendered":"Xerrada de Proactiva Open Arms. 3r ESO"},"content":{"rendered":"<p><a href=\"http:\/\/agora.xtec.cat\/inslesvinyescubelles\/wp-content\/uploads\/usu375\/2017\/04\/logo-1.png\"><img loading=\"lazy\" decoding=\"async\" class=\"aligncenter size-full wp-image-2572\" src=\"http:\/\/agora.xtec.cat\/inslesvinyescubelles\/wp-content\/uploads\/usu375\/2017\/04\/logo-1.png\" alt=\"Proactiva Open Arms\" width=\"200\" height=\"200\" srcset=\"https:\/\/agora.xtec.cat\/inslesvinyescubelles\/wp-content\/uploads\/usu375\/2017\/04\/logo-1.png 200w, https:\/\/agora.xtec.cat\/inslesvinyescubelles\/wp-content\/uploads\/usu375\/2017\/04\/logo-1-150x150.png 150w\" sizes=\"auto, (max-width: 200px) 100vw, 200px\" \/><\/a>El passat divendres 31 de mar\u00e7, l&#8217;alumnat de<strong> 3r d&#8217;ESO<\/strong> va assistir a la xerrada que, en Teo Pallar\u00e9s, membre de la<strong> ONG de Badalona<\/strong>\u00a0<strong>Proactiva Open Arms<\/strong>, va oferir al centre. Amb una exposici\u00f3 clara, impactant i conmovedora, \u00a0ens va parlar de la missi\u00f3 principal d&#8217;aquesta organitzaci\u00f3 sorgida d&#8217;un grup de voluntaris sensibilitzats davant la magnitud de la tragedia que cada dia s&#8217;est\u00e0 vivint a l&#8217;altra riba del mateix mar que banya les costes de Cubelles.\u00a0Cada dia, treballen per evitar que s&#8217;ofegin milers dels refugiats endinsats en les aig\u00fces mediterr\u00e0nies intentant fugir de les guerres i mis\u00e8ries dels seus pa\u00efsos d&#8217;origen. \u00a0Imatges, testimonis, paraules i xifres per a la reflexi\u00f3 i per a l&#8217;acci\u00f3 solid\u00e0ria.<\/p>\n<p style=\"text-align: center;\">Molt\u00edssimes gr\u00e0cies a en Teo per despla\u00e7ar-se al centre i als nois i noies de 3r d&#8217;ESO\u00a0 per participar amb veritable inter\u00e8s.\u00a0Tant de bo el jovent\u00a0\u00a0d&#8217;avui \u00a0que seran els adults de dem\u00e0 pugin contribuir a fer un m\u00f3n millor i m\u00e9s just.<\/p>\n<p style=\"text-align: center;\"><a href=\"https:\/\/www.proactivaopenarms.org\/ca\"><strong>https:\/\/www.proactivaopenarms.org\/ca<\/strong><\/a><\/p>\n<p style=\"text-align: center;\">\n","protected":false},"excerpt":{"rendered":"<p><a href=\"http:\/\/agora.xtec.cat\/inslesvinyescubelles\/wp-content\/uploads\/usu375\/2017\/04\/logo-1.png\"><\/a>El passat divendres 31 de mar\u00e7, l&#8217;alumnat de 3r d&#8217;ESO va assistir a la xerrada que, en Teo Pallar\u00e9s, membre de la ONG de Badalona\u00a0Proactiva Open Arms, va oferir al centre. Amb una exposici\u00f3 clara, impactant i conmovedora, \u00a0ens va parlar de la missi\u00f3&hellip;  <a href=\"https:\/\/agora.xtec.cat\/inslesvinyescubelles\/portada\/xerrada-de-proactiva-open-arms-3r-eso\/\" title=\"Read Xerrada de Proactiva Open Arms. 3r ESO\">Llegeix m\u00e9s\u00bb<\/a><\/p>\n","protected":false},"author":21,"featured_media":2572,"comment_status":"open","ping_status":"closed","sticky":false,"template":"","format":"standard","meta":{"_bbp_topic_count":0,"_bbp_reply_count":0,"_bbp_total_topic_count":0,"_bbp_total_reply_count":0,"_bbp_voice_count":0,"_bbp_anonymous_reply_count":0,"_bbp_topic_count_hidden":0,"_bbp_reply_count_hidden":0,"_bbp_forum_subforum_count":0,"footnotes":""},"categories":[29],"tags":[],"class_list":["post-2570","post","type-post","status-publish","format-standard","has-post-thumbnail","hentry","category-portada"],"post_mailing_queue_ids":[],"_links":{"self":[{"href":"https:\/\/agora.xtec.cat\/inslesvinyescubelles\/wp-json\/wp\/v2\/posts\/2570","targetHints":{"allow":["GET"]}}],"collection":[{"href":"https:\/\/agora.xtec.cat\/inslesvinyescubelles\/wp-json\/wp\/v2\/posts"}],"about":[{"href":"https:\/\/agora.xtec.cat\/inslesvinyescubelles\/wp-json\/wp\/v2\/types\/post"}],"author":[{"embeddable":true,"href":"https:\/\/agora.xtec.cat\/inslesvinyescubelles\/wp-json\/wp\/v2\/users\/21"}],"replies":[{"embeddable":true,"href":"https:\/\/agora.xtec.cat\/inslesvinyescubelles\/wp-json\/wp\/v2\/comments?post=2570"}],"version-history":[{"count":3,"href":"https:\/\/agora.xtec.cat\/inslesvinyescubelles\/wp-json\/wp\/v2\/posts\/2570\/revisions"}],"predecessor-version":[{"id":2577,"href":"https:\/\/agora.xtec.cat\/inslesvinyescubelles\/wp-json\/wp\/v2\/posts\/2570\/revisions\/2577"}],"wp:featuredmedia":[{"embeddable":true,"href":"https:\/\/agora.xtec.cat\/inslesvinyescubelles\/wp-json\/wp\/v2\/media\/2572"}],"wp:attachment":[{"href":"https:\/\/agora.xtec.cat\/inslesvinyescubelles\/wp-json\/wp\/v2\/media?parent=2570"}],"wp:term":[{"taxonomy":"category","embeddable":true,"href":"https:\/\/agora.xtec.cat\/inslesvinyescubelles\/wp-json\/wp\/v2\/categories?post=2570"},{"taxonomy":"post_tag","embeddable":true,"href":"https:\/\/agora.xtec.cat\/inslesvinyescubelles\/wp-json\/wp\/v2\/tags?post=2570"}],"curies":[{"name":"wp","href":"https:\/\/api.w.org\/{rel}","templated":true}]}}