{"id":2519,"date":"2017-03-05T19:59:28","date_gmt":"2017-03-05T18:59:28","guid":{"rendered":"http:\/\/agora.xtec.cat\/inslesvinyescubelles\/?p=2519"},"modified":"2018-09-15T23:41:46","modified_gmt":"2018-09-15T21:41:46","slug":"reconeixement-a-la-participacio-en-la-mostra-dexperiments-2017","status":"publish","type":"post","link":"https:\/\/agora.xtec.cat\/inslesvinyescubelles\/portada\/reconeixement-a-la-participacio-en-la-mostra-dexperiments-2017\/","title":{"rendered":"Reconeixement a la participaci\u00f3 en la mostra d&#8217;experiments 2017"},"content":{"rendered":"<h5>Ci\u00e8ncia i M\u00e0gia<\/h5>\n<p>La professora de F\u00edsica i Qu\u00edmica, Meritxell Vi\u00f1as, amb els\/les alumnes de 3r d&#8217;ESO que varen participar en la mostra d&#8217;experiments a Sitges durant la Setmana de la Ci\u00e8ncia<\/p>\n<p><a href=\"http:\/\/agora.xtec.cat\/inslesvinyescubelles\/wp-content\/uploads\/usu375\/2017\/03\/grup2_web.jpg\"><img loading=\"lazy\" decoding=\"async\" class=\"alignnone size-full wp-image-2517\" src=\"http:\/\/agora.xtec.cat\/inslesvinyescubelles\/wp-content\/uploads\/usu375\/2017\/03\/grup2_web.jpg\" alt=\"grup2_web\" width=\"800\" height=\"450\" srcset=\"https:\/\/agora.xtec.cat\/inslesvinyescubelles\/wp-content\/uploads\/usu375\/2017\/03\/grup2_web.jpg 800w, https:\/\/agora.xtec.cat\/inslesvinyescubelles\/wp-content\/uploads\/usu375\/2017\/03\/grup2_web-300x169.jpg 300w, https:\/\/agora.xtec.cat\/inslesvinyescubelles\/wp-content\/uploads\/usu375\/2017\/03\/grup2_web-768x432.jpg 768w\" sizes=\"auto, (max-width: 800px) 100vw, 800px\" \/><\/a><\/p>\n<p><a href=\"http:\/\/agora.xtec.cat\/inslesvinyescubelles\/wp-content\/uploads\/usu375\/2017\/03\/grup3A._web.jpg\"><img loading=\"lazy\" decoding=\"async\" class=\"alignnone size-full wp-image-2518\" src=\"http:\/\/agora.xtec.cat\/inslesvinyescubelles\/wp-content\/uploads\/usu375\/2017\/03\/grup3A._web.jpg\" alt=\"grup3a-_web\" width=\"800\" height=\"450\" srcset=\"https:\/\/agora.xtec.cat\/inslesvinyescubelles\/wp-content\/uploads\/usu375\/2017\/03\/grup3A._web.jpg 800w, https:\/\/agora.xtec.cat\/inslesvinyescubelles\/wp-content\/uploads\/usu375\/2017\/03\/grup3A._web-300x169.jpg 300w, https:\/\/agora.xtec.cat\/inslesvinyescubelles\/wp-content\/uploads\/usu375\/2017\/03\/grup3A._web-768x432.jpg 768w\" sizes=\"auto, (max-width: 800px) 100vw, 800px\" \/><\/a><\/p>\n<p>Alba, Ra\u00fal i Noa, de 3r ESO A<\/p>\n<p><a href=\"http:\/\/agora.xtec.cat\/inslesvinyescubelles\/wp-content\/uploads\/usu375\/2017\/03\/grup3Bweb.jpg\"><img loading=\"lazy\" decoding=\"async\" class=\"alignnone size-full wp-image-2516\" src=\"http:\/\/agora.xtec.cat\/inslesvinyescubelles\/wp-content\/uploads\/usu375\/2017\/03\/grup3Bweb.jpg\" alt=\"grup3bweb\" width=\"800\" height=\"450\" srcset=\"https:\/\/agora.xtec.cat\/inslesvinyescubelles\/wp-content\/uploads\/usu375\/2017\/03\/grup3Bweb.jpg 800w, https:\/\/agora.xtec.cat\/inslesvinyescubelles\/wp-content\/uploads\/usu375\/2017\/03\/grup3Bweb-300x169.jpg 300w, https:\/\/agora.xtec.cat\/inslesvinyescubelles\/wp-content\/uploads\/usu375\/2017\/03\/grup3Bweb-768x432.jpg 768w\" sizes=\"auto, (max-width: 800px) 100vw, 800px\" \/><\/a><\/p>\n<p>Judit, Paula i Cl\u00e0udia de 3r ESO B<\/p>\n","protected":false},"excerpt":{"rendered":"<p>Ci\u00e8ncia i M\u00e0gia<br \/>\nLa professora de F\u00edsica i Qu\u00edmica, Meritxell Vi\u00f1as, amb els\/les alumnes de 3r d&#8217;ESO que varen participar en la mostra d&#8217;experiments a Sitges durant la Setmana de la Ci\u00e8ncia<br \/>\n<a href=\"http:\/\/agora.xtec.cat\/inslesvinyescubelles\/wp-content\/uploads\/usu375\/2017\/03\/grup2_web.jpg\"><\/a><br \/>\n<a href=\"http:\/\/agora.xtec.cat\/inslesvinyescubelles\/wp-content\/uploads\/usu375\/2017\/03\/grup3A._web.jpg\"><\/a><br \/>\nAlba, Ra\u00fal i Noa, de 3r ESO A<br \/>\n<a href=\"http:\/\/agora.xtec.cat\/inslesvinyescubelles\/wp-content\/uploads\/usu375\/2017\/03\/grup3Bweb.jpg\"><\/a><br \/>\nJudit, Paula i Cl\u00e0udia de&hellip;  <a href=\"https:\/\/agora.xtec.cat\/inslesvinyescubelles\/portada\/reconeixement-a-la-participacio-en-la-mostra-dexperiments-2017\/\" title=\"Read Reconeixement a la participaci\u00f3 en la mostra d&#8217;experiments 2017\">Llegeix m\u00e9s\u00bb<\/a><\/p>\n","protected":false},"author":1,"featured_media":2517,"comment_status":"open","ping_status":"closed","sticky":false,"template":"","format":"standard","meta":{"_bbp_topic_count":0,"_bbp_reply_count":0,"_bbp_total_topic_count":0,"_bbp_total_reply_count":0,"_bbp_voice_count":0,"_bbp_anonymous_reply_count":0,"_bbp_topic_count_hidden":0,"_bbp_reply_count_hidden":0,"_bbp_forum_subforum_count":0,"footnotes":""},"categories":[29],"tags":[],"class_list":["post-2519","post","type-post","status-publish","format-standard","has-post-thumbnail","hentry","category-portada"],"post_mailing_queue_ids":[],"_links":{"self":[{"href":"https:\/\/agora.xtec.cat\/inslesvinyescubelles\/wp-json\/wp\/v2\/posts\/2519","targetHints":{"allow":["GET"]}}],"collection":[{"href":"https:\/\/agora.xtec.cat\/inslesvinyescubelles\/wp-json\/wp\/v2\/posts"}],"about":[{"href":"https:\/\/agora.xtec.cat\/inslesvinyescubelles\/wp-json\/wp\/v2\/types\/post"}],"author":[{"embeddable":true,"href":"https:\/\/agora.xtec.cat\/inslesvinyescubelles\/wp-json\/wp\/v2\/users\/1"}],"replies":[{"embeddable":true,"href":"https:\/\/agora.xtec.cat\/inslesvinyescubelles\/wp-json\/wp\/v2\/comments?post=2519"}],"version-history":[{"count":1,"href":"https:\/\/agora.xtec.cat\/inslesvinyescubelles\/wp-json\/wp\/v2\/posts\/2519\/revisions"}],"predecessor-version":[{"id":2520,"href":"https:\/\/agora.xtec.cat\/inslesvinyescubelles\/wp-json\/wp\/v2\/posts\/2519\/revisions\/2520"}],"wp:featuredmedia":[{"embeddable":true,"href":"https:\/\/agora.xtec.cat\/inslesvinyescubelles\/wp-json\/wp\/v2\/media\/2517"}],"wp:attachment":[{"href":"https:\/\/agora.xtec.cat\/inslesvinyescubelles\/wp-json\/wp\/v2\/media?parent=2519"}],"wp:term":[{"taxonomy":"category","embeddable":true,"href":"https:\/\/agora.xtec.cat\/inslesvinyescubelles\/wp-json\/wp\/v2\/categories?post=2519"},{"taxonomy":"post_tag","embeddable":true,"href":"https:\/\/agora.xtec.cat\/inslesvinyescubelles\/wp-json\/wp\/v2\/tags?post=2519"}],"curies":[{"name":"wp","href":"https:\/\/api.w.org\/{rel}","templated":true}]}}