{"id":2316,"date":"2016-10-09T12:31:28","date_gmt":"2016-10-09T10:31:28","guid":{"rendered":"http:\/\/agora.xtec.cat\/inslesvinyescubelles\/?p=2316"},"modified":"2018-09-16T17:44:31","modified_gmt":"2018-09-16T15:44:31","slug":"4t-eso-el-s-xviii-lantic-regim","status":"publish","type":"post","link":"https:\/\/agora.xtec.cat\/inslesvinyescubelles\/portada\/4t-eso-el-s-xviii-lantic-regim\/","title":{"rendered":"4t ESO El s. XVIII. L&#8217;Antic R\u00e8gim"},"content":{"rendered":"<p style=\"text-align: justify;\"><a href=\"http:\/\/agora.xtec.cat\/inslesvinyescubelles\/wp-content\/uploads\/usu375\/2016\/10\/Salon_de_Madame_Geoffrin.jpg\"><img loading=\"lazy\" decoding=\"async\" class=\"aligncenter wp-image-2317 \" src=\"http:\/\/agora.xtec.cat\/inslesvinyescubelles\/wp-content\/uploads\/usu375\/2016\/10\/Salon_de_Madame_Geoffrin-300x197.jpg\" alt=\"salon_de_madame_geoffrin\" width=\"465\" height=\"305\" srcset=\"https:\/\/agora.xtec.cat\/inslesvinyescubelles\/wp-content\/uploads\/usu375\/2016\/10\/Salon_de_Madame_Geoffrin-300x197.jpg 300w, https:\/\/agora.xtec.cat\/inslesvinyescubelles\/wp-content\/uploads\/usu375\/2016\/10\/Salon_de_Madame_Geoffrin-768x505.jpg 768w, https:\/\/agora.xtec.cat\/inslesvinyescubelles\/wp-content\/uploads\/usu375\/2016\/10\/Salon_de_Madame_Geoffrin-1024x674.jpg 1024w, https:\/\/agora.xtec.cat\/inslesvinyescubelles\/wp-content\/uploads\/usu375\/2016\/10\/Salon_de_Madame_Geoffrin.jpg 1179w\" sizes=\"auto, (max-width: 465px) 100vw, 465px\" \/><\/a><\/p>\n<p style=\"text-align: justify;\">Al llarg del s. XVIII entre l&#8217;aristocr\u00e0cia es van posar de moda els debats i les tert\u00falies intel\u00b7lectuals sobre temes literaris, filos\u00f2fics i cient\u00edfics\u2026 Aquest curs ens dedicarem a la hist\u00f2ria contempor\u00e0nia que troba les seves arrels en el s. XVIII. Veurem qu\u00e8 contin\u00faa i qu\u00e8 canvia durant aquest segle, descriurem com era la societat i l&#8217;economia d&#8217;aquella \u00e8poca. Tamb\u00e9 entendrem el paper de la Il\u00b7lustraci\u00f3 en la creaci\u00f3 i la difusi\u00f3 de noves idees que acabaran inspirant els ideals revolucionaris i, \u00a0per acabar, contextualitzarem la Guerra de Successi\u00f3 a Europa i a Espanya i analitzarem les conseq\u00fc\u00e8ncies que va tenir per a Catalunya el model centralizat de la monarquia borb\u00f2nica, no sense interessar-nos per l&#8217;art i la ci\u00e8ncia del segle.<\/p>\n<p style=\"text-align: center;\"><a href=\"http:\/\/4tesohistoria.blogspot.com.es\"><strong><span style=\"color: #33cccc;\">http:\/\/4tesohistoria.blogspot.com.es<\/span><\/strong><\/a><\/p>\n","protected":false},"excerpt":{"rendered":"<p><a href=\"http:\/\/agora.xtec.cat\/inslesvinyescubelles\/wp-content\/uploads\/usu375\/2016\/10\/Salon_de_Madame_Geoffrin.jpg\"><\/a><br \/>\nAl llarg del s. XVIII entre l&#8217;aristocr\u00e0cia es van posar de moda els debats i les tert\u00falies intel\u00b7lectuals sobre temes literaris, filos\u00f2fics i cient\u00edfics\u2026 Aquest curs ens dedicarem a la hist\u00f2ria contempor\u00e0nia que troba les seves arrels en el s. XVIII. Veurem qu\u00e8 contin\u00faa&hellip;  <a href=\"https:\/\/agora.xtec.cat\/inslesvinyescubelles\/portada\/4t-eso-el-s-xviii-lantic-regim\/\" title=\"Read 4t ESO El s. XVIII. L&#8217;Antic R\u00e8gim\">Llegeix m\u00e9s\u00bb<\/a><\/p>\n","protected":false},"author":21,"featured_media":2317,"comment_status":"open","ping_status":"open","sticky":false,"template":"","format":"standard","meta":{"_bbp_topic_count":0,"_bbp_reply_count":0,"_bbp_total_topic_count":0,"_bbp_total_reply_count":0,"_bbp_voice_count":0,"_bbp_anonymous_reply_count":0,"_bbp_topic_count_hidden":0,"_bbp_reply_count_hidden":0,"_bbp_forum_subforum_count":0,"footnotes":""},"categories":[29],"tags":[],"class_list":["post-2316","post","type-post","status-publish","format-standard","has-post-thumbnail","hentry","category-portada"],"post_mailing_queue_ids":[],"_links":{"self":[{"href":"https:\/\/agora.xtec.cat\/inslesvinyescubelles\/wp-json\/wp\/v2\/posts\/2316","targetHints":{"allow":["GET"]}}],"collection":[{"href":"https:\/\/agora.xtec.cat\/inslesvinyescubelles\/wp-json\/wp\/v2\/posts"}],"about":[{"href":"https:\/\/agora.xtec.cat\/inslesvinyescubelles\/wp-json\/wp\/v2\/types\/post"}],"author":[{"embeddable":true,"href":"https:\/\/agora.xtec.cat\/inslesvinyescubelles\/wp-json\/wp\/v2\/users\/21"}],"replies":[{"embeddable":true,"href":"https:\/\/agora.xtec.cat\/inslesvinyescubelles\/wp-json\/wp\/v2\/comments?post=2316"}],"version-history":[{"count":3,"href":"https:\/\/agora.xtec.cat\/inslesvinyescubelles\/wp-json\/wp\/v2\/posts\/2316\/revisions"}],"predecessor-version":[{"id":2331,"href":"https:\/\/agora.xtec.cat\/inslesvinyescubelles\/wp-json\/wp\/v2\/posts\/2316\/revisions\/2331"}],"wp:featuredmedia":[{"embeddable":true,"href":"https:\/\/agora.xtec.cat\/inslesvinyescubelles\/wp-json\/wp\/v2\/media\/2317"}],"wp:attachment":[{"href":"https:\/\/agora.xtec.cat\/inslesvinyescubelles\/wp-json\/wp\/v2\/media?parent=2316"}],"wp:term":[{"taxonomy":"category","embeddable":true,"href":"https:\/\/agora.xtec.cat\/inslesvinyescubelles\/wp-json\/wp\/v2\/categories?post=2316"},{"taxonomy":"post_tag","embeddable":true,"href":"https:\/\/agora.xtec.cat\/inslesvinyescubelles\/wp-json\/wp\/v2\/tags?post=2316"}],"curies":[{"name":"wp","href":"https:\/\/api.w.org\/{rel}","templated":true}]}}