{"id":2166,"date":"2016-06-10T13:18:26","date_gmt":"2016-06-10T11:18:26","guid":{"rendered":"http:\/\/agora.xtec.cat\/inslesvinyescubelles\/?p=2166"},"modified":"2018-09-16T17:45:06","modified_gmt":"2018-09-16T15:45:06","slug":"optativa-de-cinema","status":"publish","type":"post","link":"https:\/\/agora.xtec.cat\/inslesvinyescubelles\/portada\/optativa-de-cinema\/","title":{"rendered":"Optativa de cinema"},"content":{"rendered":"<h4 style=\"text-align: left;\">TREBALL PRESENTAT A LA FILMOTECA DE CATALUNYA<\/h4>\n<p><iframe loading=\"lazy\" title=\"FES-TE VOLUNTARI - LES VINYES al Reacciona amb la Fundaci\u00f3 ADSIS\" width=\"500\" height=\"281\" src=\"https:\/\/www.youtube.com\/embed\/mSAnhFeUxrg?feature=oembed\" frameborder=\"0\" allow=\"accelerometer; autoplay; clipboard-write; encrypted-media; gyroscope; picture-in-picture; web-share\" referrerpolicy=\"strict-origin-when-cross-origin\" allowfullscreen><\/iframe><\/p>\n<p style=\"text-align: left;\">A l\u2019INS Les Vinyes, el nostre <strong>alumnat de l\u2019Optativa de Cinema de 3r ESO<\/strong>, coordinat pel professor Jos\u00e9 Luis Madue\u00f1o, va contactar amb la Fundaci\u00f3 ADSIS per tal de promocionar i sensibilitzar sobre el Centre Obert que tenen al barri del Carmel de Barcelona<\/p>\n<p>&nbsp;<\/p>\n<p><strong><a href=\"http:\/\/agora.xtec.cat\/inslesvinyescubelles\/wp-content\/uploads\/usu375\/2014\/09\/picalletres15_16.pdf\" target=\"_blank\">DATES D&#8217;EMISSI\u00d3 DEL CONCURS PICA LLETRES DE CANAL BLAU<\/a><\/strong><\/p>\n","protected":false},"excerpt":{"rendered":"<p>TREBALL PRESENTAT A LA FILMOTECA DE CATALUNYA<\/p>\n<p>A l\u2019INS Les Vinyes, el nostre alumnat de l\u2019Optativa de Cinema de 3r ESO, coordinat pel professor Jos\u00e9 Luis Madue\u00f1o, va contactar amb la Fundaci\u00f3 ADSIS per tal de promocionar i sensibilitzar sobre el Centre Obert que tenen al&hellip;  <a href=\"https:\/\/agora.xtec.cat\/inslesvinyescubelles\/portada\/optativa-de-cinema\/\" title=\"Read Optativa de cinema\">Llegeix m\u00e9s\u00bb<\/a><\/p>\n","protected":false},"author":1,"featured_media":0,"comment_status":"open","ping_status":"open","sticky":false,"template":"","format":"standard","meta":{"_bbp_topic_count":0,"_bbp_reply_count":0,"_bbp_total_topic_count":0,"_bbp_total_reply_count":0,"_bbp_voice_count":0,"_bbp_anonymous_reply_count":0,"_bbp_topic_count_hidden":0,"_bbp_reply_count_hidden":0,"_bbp_forum_subforum_count":0,"footnotes":""},"categories":[29],"tags":[],"class_list":["post-2166","post","type-post","status-publish","format-standard","hentry","category-portada"],"post_mailing_queue_ids":[],"_links":{"self":[{"href":"https:\/\/agora.xtec.cat\/inslesvinyescubelles\/wp-json\/wp\/v2\/posts\/2166","targetHints":{"allow":["GET"]}}],"collection":[{"href":"https:\/\/agora.xtec.cat\/inslesvinyescubelles\/wp-json\/wp\/v2\/posts"}],"about":[{"href":"https:\/\/agora.xtec.cat\/inslesvinyescubelles\/wp-json\/wp\/v2\/types\/post"}],"author":[{"embeddable":true,"href":"https:\/\/agora.xtec.cat\/inslesvinyescubelles\/wp-json\/wp\/v2\/users\/1"}],"replies":[{"embeddable":true,"href":"https:\/\/agora.xtec.cat\/inslesvinyescubelles\/wp-json\/wp\/v2\/comments?post=2166"}],"version-history":[{"count":1,"href":"https:\/\/agora.xtec.cat\/inslesvinyescubelles\/wp-json\/wp\/v2\/posts\/2166\/revisions"}],"predecessor-version":[{"id":2167,"href":"https:\/\/agora.xtec.cat\/inslesvinyescubelles\/wp-json\/wp\/v2\/posts\/2166\/revisions\/2167"}],"wp:attachment":[{"href":"https:\/\/agora.xtec.cat\/inslesvinyescubelles\/wp-json\/wp\/v2\/media?parent=2166"}],"wp:term":[{"taxonomy":"category","embeddable":true,"href":"https:\/\/agora.xtec.cat\/inslesvinyescubelles\/wp-json\/wp\/v2\/categories?post=2166"},{"taxonomy":"post_tag","embeddable":true,"href":"https:\/\/agora.xtec.cat\/inslesvinyescubelles\/wp-json\/wp\/v2\/tags?post=2166"}],"curies":[{"name":"wp","href":"https:\/\/api.w.org\/{rel}","templated":true}]}}