{"id":2060,"date":"2016-05-29T21:07:59","date_gmt":"2016-05-29T20:07:59","guid":{"rendered":"http:\/\/agora.xtec.cat\/inslesvinyescubelles\/?p=2060"},"modified":"2016-05-29T21:08:20","modified_gmt":"2016-05-29T20:08:20","slug":"fes-te-voluntari","status":"publish","type":"post","link":"https:\/\/agora.xtec.cat\/inslesvinyescubelles\/portada\/fes-te-voluntari\/","title":{"rendered":"Fes-te voluntari"},"content":{"rendered":"<h3>TREBALL PRESENTAT A LA FILMOTECA DE CATALUNYA<\/h3>\n<p><a href=\"http:\/\/agora.xtec.cat\/inslesvinyescubelles\/wp-content\/uploads\/usu375\/2016\/05\/festevoluntari.jpg\"><img loading=\"lazy\" decoding=\"async\" class=\"alignnone size-full wp-image-2061\" src=\"http:\/\/agora.xtec.cat\/inslesvinyescubelles\/wp-content\/uploads\/usu375\/2016\/05\/festevoluntari.jpg\" alt=\"festevoluntari\" width=\"967\" height=\"728\" srcset=\"https:\/\/agora.xtec.cat\/inslesvinyescubelles\/wp-content\/uploads\/usu375\/2016\/05\/festevoluntari.jpg 967w, https:\/\/agora.xtec.cat\/inslesvinyescubelles\/wp-content\/uploads\/usu375\/2016\/05\/festevoluntari-300x226.jpg 300w, https:\/\/agora.xtec.cat\/inslesvinyescubelles\/wp-content\/uploads\/usu375\/2016\/05\/festevoluntari-200x150.jpg 200w\" sizes=\"auto, (max-width: 967px) 100vw, 967px\" \/><\/a><\/p>\n<p><strong>\u201cFES-TE VOLUNTARI\u201d. L\u2019INS Les Vinyes participa al <em>Reacciona<\/em><\/strong><\/p>\n<p style=\"text-align: justify;\">El <strong>Projecte Reacciona<\/strong> es desenvolupa a nombrosos instituts de Catalunya. Reacciona \u00e9s un projecte educatiu adre\u00e7at a joves amb l\u2019objectiu d\u2019educar sobre tem\u00e0tiques de drets humans, cultura de pau, desenvolupament, sostenibilitat i igualtat de g\u00e8nere, a trav\u00e9s d\u2019un curtmetratge escrit, dirigit, rodat, interpretat i muntat pels propis alumnes. Solidaritat, aprenentatge, servei, implicaci\u00f3, imbricaci\u00f3 i pluridisciplinaritat, fan del projecte Reacciona una experi\u00e8ncia d\u2019\u00e8xit d\u2019enorme valor pedag\u00f2gic i social. Aquest any, els diferents instituts es coordinen amb una ONG i el Taller de Cinema, dirigit per Jaume Fargas, per tal de realitzar un curtmetratge sobre valors d\u2019aquesta ONG.<\/p>\n<p style=\"text-align: justify;\">A l\u2019INS Les Vinyes, el nostre <strong>alumnat de l\u2019Optativa de Cinema de 3r ESO<\/strong>, coordinada pel professor Jos\u00e9 Luis Madue\u00f1o, va contactar amb la Fundaci\u00f3 ADSIS per tal de promocionar i sensibilitzar sobre el Centre Obert que tenen al barri del Carmel de Barcelona, i captar voluntariat per realitzar activitats amb infants amb risc d\u2019exclusi\u00f3 social. \u201cVoluntariat\u201d, \u201cPotencial que tots tenim per ajudar\u201d i \u201cTreball en equip per un projecte com\u00fa\u201d van ser els aspectes que vol\u00edem destacar dins i fora del video. Amb el suport de la Diputaci\u00f3 de Barcelona i l\u2019Ajuntament de Cubelles, a trav\u00e9s de la Regidoria de Cultura i l\u2019Espai Jove de Cubelles, el nostre alumnat ha realitzat el v\u00eddeo \u201c<strong>FES-TE VOLUNTARI<\/strong>\u201d.<\/p>\n<p>Aqu\u00ed teniu el <em>making of<\/em> del video, on podeu seguir el proc\u00e9s de:<\/p>\n<p><strong><em>Pluja d\u2019idees,<\/em><\/strong><strong><em>\u00a0Gui\u00f3,<\/em><\/strong><strong><em>\u00a0Pla de Rodatge,<\/em><\/strong><strong><em>\u00a0Storyboard,<\/em><\/strong><strong><em>\u00a0Rodatge i<\/em><\/strong><strong><em>\u00a0Muntatge.<\/em><\/strong><\/p>\n<p><a href=\"https:\/\/www.youtube.com\/edit?o=U&amp;video_id=fYCCEQQoe94\">https:\/\/www.youtube.com\/edit?o=U&amp;video_id=fYCCEQQoe94<\/a><\/p>\n<p>I aqu\u00ed teniu la presentaci\u00f3 del video durant la seva projecci\u00f3 amb altres v\u00eddeos d\u2019altres instituts participants, a<strong> la Filmoteca de Catalunya<\/strong> el 19 de Maig:<\/p>\n<p><a href=\"https:\/\/www.youtube.com\/watch?v=OoKHtErZ0aQ\">https:\/\/www.youtube.com\/watch?v=OoKHtErZ0aQ<\/a><\/p>\n<p>I finalment, aqu\u00ed teniu el video. Esperem que us agradi!!<\/p>\n<p><a href=\"https:\/\/youtu.be\/mSAnhFeUxrg\">https:\/\/youtu.be\/mSAnhFeUxrg<\/a><\/p>\n<p>L\u2019Espai Jove de Cubelles amb l\u2019INS Les Vinyes i el Reacciona<\/p>\n<p><a href=\"http:\/\/espaijove.cubelles.cat\/2016\/05\/els-alumnes-de-3r-deso-de-lins-les.html\">http:\/\/espaijove.cubelles.cat\/2016\/05\/els-alumnes-de-3r-deso-de-lins-les.html<\/a><\/p>\n","protected":false},"excerpt":{"rendered":"<p>TREBALL PRESENTAT A LA FILMOTECA DE CATALUNYA<br \/>\n<a href=\"http:\/\/agora.xtec.cat\/inslesvinyescubelles\/wp-content\/uploads\/usu375\/2016\/05\/festevoluntari.jpg\"><\/a><br \/>\n\u201cFES-TE VOLUNTARI\u201d. L\u2019INS Les Vinyes participa al Reacciona<br \/>\nEl Projecte Reacciona es desenvolupa a nombrosos instituts de Catalunya. Reacciona \u00e9s un projecte educatiu adre\u00e7at a joves amb l\u2019objectiu d\u2019educar sobre tem\u00e0tiques de drets humans, cultura de pau, desenvolupament, sostenibilitat&hellip;  <a href=\"https:\/\/agora.xtec.cat\/inslesvinyescubelles\/portada\/fes-te-voluntari\/\" title=\"Read Fes-te voluntari\">Llegeix m\u00e9s\u00bb<\/a><\/p>\n","protected":false},"author":1,"featured_media":2061,"comment_status":"open","ping_status":"open","sticky":false,"template":"","format":"standard","meta":{"_bbp_topic_count":0,"_bbp_reply_count":0,"_bbp_total_topic_count":0,"_bbp_total_reply_count":0,"_bbp_voice_count":0,"_bbp_anonymous_reply_count":0,"_bbp_topic_count_hidden":0,"_bbp_reply_count_hidden":0,"_bbp_forum_subforum_count":0,"footnotes":""},"categories":[29],"tags":[],"class_list":["post-2060","post","type-post","status-publish","format-standard","has-post-thumbnail","hentry","category-portada"],"post_mailing_queue_ids":[],"_links":{"self":[{"href":"https:\/\/agora.xtec.cat\/inslesvinyescubelles\/wp-json\/wp\/v2\/posts\/2060","targetHints":{"allow":["GET"]}}],"collection":[{"href":"https:\/\/agora.xtec.cat\/inslesvinyescubelles\/wp-json\/wp\/v2\/posts"}],"about":[{"href":"https:\/\/agora.xtec.cat\/inslesvinyescubelles\/wp-json\/wp\/v2\/types\/post"}],"author":[{"embeddable":true,"href":"https:\/\/agora.xtec.cat\/inslesvinyescubelles\/wp-json\/wp\/v2\/users\/1"}],"replies":[{"embeddable":true,"href":"https:\/\/agora.xtec.cat\/inslesvinyescubelles\/wp-json\/wp\/v2\/comments?post=2060"}],"version-history":[{"count":2,"href":"https:\/\/agora.xtec.cat\/inslesvinyescubelles\/wp-json\/wp\/v2\/posts\/2060\/revisions"}],"predecessor-version":[{"id":2063,"href":"https:\/\/agora.xtec.cat\/inslesvinyescubelles\/wp-json\/wp\/v2\/posts\/2060\/revisions\/2063"}],"wp:featuredmedia":[{"embeddable":true,"href":"https:\/\/agora.xtec.cat\/inslesvinyescubelles\/wp-json\/wp\/v2\/media\/2061"}],"wp:attachment":[{"href":"https:\/\/agora.xtec.cat\/inslesvinyescubelles\/wp-json\/wp\/v2\/media?parent=2060"}],"wp:term":[{"taxonomy":"category","embeddable":true,"href":"https:\/\/agora.xtec.cat\/inslesvinyescubelles\/wp-json\/wp\/v2\/categories?post=2060"},{"taxonomy":"post_tag","embeddable":true,"href":"https:\/\/agora.xtec.cat\/inslesvinyescubelles\/wp-json\/wp\/v2\/tags?post=2060"}],"curies":[{"name":"wp","href":"https:\/\/api.w.org\/{rel}","templated":true}]}}