{"id":1844,"date":"2016-05-03T21:45:38","date_gmt":"2016-05-03T19:45:38","guid":{"rendered":"http:\/\/agora.xtec.cat\/inslesvinyescubelles\/?p=1844"},"modified":"2018-09-16T17:46:09","modified_gmt":"2018-09-16T15:46:09","slug":"2n-geografia-i-historia","status":"publish","type":"post","link":"https:\/\/agora.xtec.cat\/inslesvinyescubelles\/portada\/2n-geografia-i-historia\/","title":{"rendered":"2n GEOGRAFIA I HIST\u00d2RIA"},"content":{"rendered":"<h6 style=\"text-align: center;\"><a href=\"http:\/\/agora.xtec.cat\/inslesvinyescubelles\/wp-content\/uploads\/usu375\/2016\/05\/PONT-DE-BESALU.jpg\"><img loading=\"lazy\" decoding=\"async\" class=\" wp-image-1843 aligncenter\" src=\"http:\/\/agora.xtec.cat\/inslesvinyescubelles\/wp-content\/uploads\/usu375\/2016\/05\/PONT-DE-BESALU-1024x644.jpg\" alt=\"PONT DE BESALU\" width=\"422\" height=\"265\" srcset=\"https:\/\/agora.xtec.cat\/inslesvinyescubelles\/wp-content\/uploads\/usu375\/2016\/05\/PONT-DE-BESALU.jpg 1024w, https:\/\/agora.xtec.cat\/inslesvinyescubelles\/wp-content\/uploads\/usu375\/2016\/05\/PONT-DE-BESALU-300x189.jpg 300w\" sizes=\"auto, (max-width: 422px) 100vw, 422px\" \/><\/a><\/h6>\n<h6 style=\"text-align: center;\"><strong><span style=\"color: #99cc00;\"><a href=\"https:\/\/ca.wikipedia.org\/wiki\/Pont_de_Besal\u00fa\">Pont de Besal\u00fa<\/a><span style=\"color: #33cccc;\">\u00a0(Comarca de la Garrotxa)<\/span><\/span><\/strong><\/h6>\n<p style=\"text-align: justify;\"><span style=\"color: #33cccc;\">T&#8217;has preguntat mai quin n&#8217;\u00e9s l&#8217;origen de Catalunya? En aquest tema veurem com es formen\u00a0\u00a0al \u00a0llarg de l&#8217;Edat Mitjana la llengua, la cultura i les institucions catalanes: als Pirineus, els primers comtats cristians sotmesos als reis francs, configuraran la Marca Hisp\u00e0nica;\u00a0aquests comtats, liderats pel Casal Comtal de Barcelona,\u00a0\u00a0en poc temps, s&#8217;independitzaran del vincle de vassallatge dels reis francs i avan\u00e7aran en la conquesta i repoblaci\u00f3 del Sud sota el domini musulm\u00e0, fins llavors\u2026En el s. XII la uni\u00f3 din\u00e0stica amb el regne d&#8217;Arag\u00f3, conformar\u00e0 una Corona amb diversos \u00a0territoris que conservaran les lleis i les institucions pr\u00f2pies i que s&#8217;expandir\u00e0 pel Mediterrani, enriquint-se amb el comer\u00e7 mar\u00edtim. \u00a0<\/span><span style=\"color: #33cccc;\">En el bloc trobar\u00e0s m\u00e9s informaci\u00f3:<\/span><\/p>\n<p style=\"text-align: center;\"><span style=\"color: #008080;\"><strong>2ngeografiahistoria.blogspot.com.es<\/strong><\/span><\/p>\n<p>&nbsp;<\/p>\n<p>&nbsp;<\/p>\n<p>&nbsp;<\/p>\n<p>&nbsp;<\/p>\n<p>&nbsp;<\/p>\n","protected":false},"excerpt":{"rendered":"<p><a href=\"http:\/\/agora.xtec.cat\/inslesvinyescubelles\/wp-content\/uploads\/usu375\/2016\/05\/PONT-DE-BESALU.jpg\"><\/a><br \/>\n<a href=\"https:\/\/ca.wikipedia.org\/wiki\/Pont_de_Besal\u00fa\">Pont de Besal\u00fa<\/a>\u00a0(Comarca de la Garrotxa)<br \/>\nT&#8217;has preguntat mai quin n&#8217;\u00e9s l&#8217;origen de Catalunya? En aquest tema veurem com es formen\u00a0\u00a0al \u00a0llarg de l&#8217;Edat Mitjana la llengua, la cultura i les institucions catalanes: als Pirineus, els primers comtats cristians sotmesos als reis francs, configuraran&hellip;  <a href=\"https:\/\/agora.xtec.cat\/inslesvinyescubelles\/portada\/2n-geografia-i-historia\/\" title=\"Read 2n GEOGRAFIA I HIST\u00d2RIA\">Llegeix m\u00e9s\u00bb<\/a><\/p>\n","protected":false},"author":21,"featured_media":1843,"comment_status":"open","ping_status":"closed","sticky":false,"template":"","format":"standard","meta":{"_bbp_topic_count":0,"_bbp_reply_count":0,"_bbp_total_topic_count":0,"_bbp_total_reply_count":0,"_bbp_voice_count":0,"_bbp_anonymous_reply_count":0,"_bbp_topic_count_hidden":0,"_bbp_reply_count_hidden":0,"_bbp_forum_subforum_count":0,"footnotes":""},"categories":[29],"tags":[],"class_list":["post-1844","post","type-post","status-publish","format-standard","has-post-thumbnail","hentry","category-portada"],"post_mailing_queue_ids":[],"_links":{"self":[{"href":"https:\/\/agora.xtec.cat\/inslesvinyescubelles\/wp-json\/wp\/v2\/posts\/1844","targetHints":{"allow":["GET"]}}],"collection":[{"href":"https:\/\/agora.xtec.cat\/inslesvinyescubelles\/wp-json\/wp\/v2\/posts"}],"about":[{"href":"https:\/\/agora.xtec.cat\/inslesvinyescubelles\/wp-json\/wp\/v2\/types\/post"}],"author":[{"embeddable":true,"href":"https:\/\/agora.xtec.cat\/inslesvinyescubelles\/wp-json\/wp\/v2\/users\/21"}],"replies":[{"embeddable":true,"href":"https:\/\/agora.xtec.cat\/inslesvinyescubelles\/wp-json\/wp\/v2\/comments?post=1844"}],"version-history":[{"count":3,"href":"https:\/\/agora.xtec.cat\/inslesvinyescubelles\/wp-json\/wp\/v2\/posts\/1844\/revisions"}],"predecessor-version":[{"id":1854,"href":"https:\/\/agora.xtec.cat\/inslesvinyescubelles\/wp-json\/wp\/v2\/posts\/1844\/revisions\/1854"}],"wp:featuredmedia":[{"embeddable":true,"href":"https:\/\/agora.xtec.cat\/inslesvinyescubelles\/wp-json\/wp\/v2\/media\/1843"}],"wp:attachment":[{"href":"https:\/\/agora.xtec.cat\/inslesvinyescubelles\/wp-json\/wp\/v2\/media?parent=1844"}],"wp:term":[{"taxonomy":"category","embeddable":true,"href":"https:\/\/agora.xtec.cat\/inslesvinyescubelles\/wp-json\/wp\/v2\/categories?post=1844"},{"taxonomy":"post_tag","embeddable":true,"href":"https:\/\/agora.xtec.cat\/inslesvinyescubelles\/wp-json\/wp\/v2\/tags?post=1844"}],"curies":[{"name":"wp","href":"https:\/\/api.w.org\/{rel}","templated":true}]}}