{"id":1685,"date":"2016-05-01T19:11:20","date_gmt":"2016-05-01T18:11:20","guid":{"rendered":"http:\/\/agora.xtec.cat\/inslesvinyescubelles\/?p=1685"},"modified":"2016-07-19T19:49:36","modified_gmt":"2016-07-19T18:49:36","slug":"exposicio-immersos-en-les-dades","status":"publish","type":"post","link":"https:\/\/agora.xtec.cat\/inslesvinyescubelles\/portada\/exposicio-immersos-en-les-dades\/","title":{"rendered":"Exposici\u00f3 IMMERSOS EN LES DADES"},"content":{"rendered":"<p><a href=\"http:\/\/agora.xtec.cat\/inslesvinyescubelles\/wp-content\/uploads\/usu375\/2016\/05\/img1461758605153.jpg\"><img loading=\"lazy\" decoding=\"async\" class=\" size-full wp-image-1686 aligncenter\" src=\"http:\/\/agora.xtec.cat\/inslesvinyescubelles\/wp-content\/uploads\/usu375\/2016\/05\/img1461758605153.jpg\" alt=\"img1461758605153\" width=\"640\" height=\"640\" srcset=\"https:\/\/agora.xtec.cat\/inslesvinyescubelles\/wp-content\/uploads\/usu375\/2016\/05\/img1461758605153.jpg 640w, https:\/\/agora.xtec.cat\/inslesvinyescubelles\/wp-content\/uploads\/usu375\/2016\/05\/img1461758605153-150x150.jpg 150w, https:\/\/agora.xtec.cat\/inslesvinyescubelles\/wp-content\/uploads\/usu375\/2016\/05\/img1461758605153-300x300.jpg 300w\" sizes=\"auto, (max-width: 640px) 100vw, 640px\" \/><\/a><\/p>\n<p>&nbsp;<\/p>\n<p>Hem anat a la Sala de Vilanova i la Geltr\u00fa a visitar l&#8217;exposici\u00f3 &#8220;Immersos en les dades&#8221;.\u00a0\u00a0L&#8217;exposici\u00f3 s\u2019endinsa en el fenomen de l\u2019explosi\u00f3 de dades en el qual estem <span class=\"il\">immersos<\/span>. Les trucades amb el tel\u00e8fon m\u00f2bil, les cerques<br \/>\nper internet, publicar un comentari a Facebook, comprar amb targeta de cr\u00e8dit o fins i tot xatejar amb el Whatsapp. Podem dir que, actualment, el nostre \u00e9s un m\u00f3n de dades.<\/p>\n","protected":false},"excerpt":{"rendered":"<p><a href=\"http:\/\/agora.xtec.cat\/inslesvinyescubelles\/wp-content\/uploads\/usu375\/2016\/05\/img1461758605153.jpg\"><\/a><br \/>\n&nbsp;<br \/>\nHem anat a la Sala de Vilanova i la Geltr\u00fa a visitar l&#8217;exposici\u00f3 &#8220;Immersos en les dades&#8221;.\u00a0\u00a0L&#8217;exposici\u00f3 s\u2019endinsa en el fenomen de l\u2019explosi\u00f3 de dades en el qual estem immersos. Les trucades amb el tel\u00e8fon m\u00f2bil, les cerques<br \/>\nper internet, publicar un comentari a Facebook,&hellip;  <a href=\"https:\/\/agora.xtec.cat\/inslesvinyescubelles\/portada\/exposicio-immersos-en-les-dades\/\" title=\"Read Exposici\u00f3 IMMERSOS EN LES DADES\">Llegeix m\u00e9s\u00bb<\/a><\/p>\n","protected":false},"author":1,"featured_media":1686,"comment_status":"open","ping_status":"open","sticky":false,"template":"","format":"standard","meta":{"_bbp_topic_count":0,"_bbp_reply_count":0,"_bbp_total_topic_count":0,"_bbp_total_reply_count":0,"_bbp_voice_count":0,"_bbp_anonymous_reply_count":0,"_bbp_topic_count_hidden":0,"_bbp_reply_count_hidden":0,"_bbp_forum_subforum_count":0,"footnotes":""},"categories":[29],"tags":[],"class_list":["post-1685","post","type-post","status-publish","format-standard","has-post-thumbnail","hentry","category-portada"],"post_mailing_queue_ids":[],"_links":{"self":[{"href":"https:\/\/agora.xtec.cat\/inslesvinyescubelles\/wp-json\/wp\/v2\/posts\/1685","targetHints":{"allow":["GET"]}}],"collection":[{"href":"https:\/\/agora.xtec.cat\/inslesvinyescubelles\/wp-json\/wp\/v2\/posts"}],"about":[{"href":"https:\/\/agora.xtec.cat\/inslesvinyescubelles\/wp-json\/wp\/v2\/types\/post"}],"author":[{"embeddable":true,"href":"https:\/\/agora.xtec.cat\/inslesvinyescubelles\/wp-json\/wp\/v2\/users\/1"}],"replies":[{"embeddable":true,"href":"https:\/\/agora.xtec.cat\/inslesvinyescubelles\/wp-json\/wp\/v2\/comments?post=1685"}],"version-history":[{"count":2,"href":"https:\/\/agora.xtec.cat\/inslesvinyescubelles\/wp-json\/wp\/v2\/posts\/1685\/revisions"}],"predecessor-version":[{"id":1694,"href":"https:\/\/agora.xtec.cat\/inslesvinyescubelles\/wp-json\/wp\/v2\/posts\/1685\/revisions\/1694"}],"wp:featuredmedia":[{"embeddable":true,"href":"https:\/\/agora.xtec.cat\/inslesvinyescubelles\/wp-json\/wp\/v2\/media\/1686"}],"wp:attachment":[{"href":"https:\/\/agora.xtec.cat\/inslesvinyescubelles\/wp-json\/wp\/v2\/media?parent=1685"}],"wp:term":[{"taxonomy":"category","embeddable":true,"href":"https:\/\/agora.xtec.cat\/inslesvinyescubelles\/wp-json\/wp\/v2\/categories?post=1685"},{"taxonomy":"post_tag","embeddable":true,"href":"https:\/\/agora.xtec.cat\/inslesvinyescubelles\/wp-json\/wp\/v2\/tags?post=1685"}],"curies":[{"name":"wp","href":"https:\/\/api.w.org\/{rel}","templated":true}]}}