{"id":1627,"date":"2016-04-19T21:02:59","date_gmt":"2016-04-19T20:02:59","guid":{"rendered":"http:\/\/agora.xtec.cat\/inslesvinyescubelles\/?p=1627"},"modified":"2016-07-19T19:50:11","modified_gmt":"2016-07-19T18:50:11","slug":"sapiens-el-llarg-cami-de-lhominitzacio","status":"publish","type":"post","link":"https:\/\/agora.xtec.cat\/inslesvinyescubelles\/portada\/sapiens-el-llarg-cami-de-lhominitzacio\/","title":{"rendered":"Sapiens: El llarg cam\u00ed de l&#8217;hominitzaci\u00f3"},"content":{"rendered":"<p>El passat 14 d&#8217;abril els alumnes de 4t d&#8217;ESO de l&#8217;optativa de Biologia i Geologia vam visitar el Cosmocaixa de Barcelona, i vam veure una exposici\u00f3 sobre l&#8217;evoluci\u00f3 humana, on ens van explicar com eren les diferents esp\u00e8cies d&#8217;hom\u00ednids que hi ha hagut al llarg de l&#8217;evoluci\u00f3 i quins canvis han experimentat.<\/p>\n<p style=\"text-align: center;\"><a href=\"http:\/\/agora.xtec.cat\/inslesvinyescubelles\/wp-content\/uploads\/usu375\/2016\/04\/visitacosmocaixa-4t.png\"><img loading=\"lazy\" decoding=\"async\" class=\"alignnone size-large wp-image-1623\" src=\"http:\/\/agora.xtec.cat\/inslesvinyescubelles\/wp-content\/uploads\/usu375\/2016\/04\/visitacosmocaixa-4t-455x1024.png\" alt=\"visitacosmocaixa-4t\" width=\"455\" height=\"1024\" srcset=\"https:\/\/agora.xtec.cat\/inslesvinyescubelles\/wp-content\/uploads\/usu375\/2016\/04\/visitacosmocaixa-4t-455x1024.png 455w, https:\/\/agora.xtec.cat\/inslesvinyescubelles\/wp-content\/uploads\/usu375\/2016\/04\/visitacosmocaixa-4t-133x300.png 133w, https:\/\/agora.xtec.cat\/inslesvinyescubelles\/wp-content\/uploads\/usu375\/2016\/04\/visitacosmocaixa-4t.png 800w\" sizes=\"auto, (max-width: 455px) 100vw, 455px\" \/><\/a><\/p>\n","protected":false},"excerpt":{"rendered":"<p>El passat 14 d&#8217;abril els alumnes de 4t d&#8217;ESO de l&#8217;optativa de Biologia i Geologia vam visitar el Cosmocaixa de Barcelona, i vam veure una exposici\u00f3 sobre l&#8217;evoluci\u00f3 humana, on ens van explicar com eren les diferents esp\u00e8cies d&#8217;hom\u00ednids que hi ha hagut al llarg&hellip;  <a href=\"https:\/\/agora.xtec.cat\/inslesvinyescubelles\/portada\/sapiens-el-llarg-cami-de-lhominitzacio\/\" title=\"Read Sapiens: El llarg cam\u00ed de l&#8217;hominitzaci\u00f3\">Llegeix m\u00e9s\u00bb<\/a><\/p>\n","protected":false},"author":16,"featured_media":1622,"comment_status":"open","ping_status":"open","sticky":false,"template":"","format":"standard","meta":{"_bbp_topic_count":0,"_bbp_reply_count":0,"_bbp_total_topic_count":0,"_bbp_total_reply_count":0,"_bbp_voice_count":0,"_bbp_anonymous_reply_count":0,"_bbp_topic_count_hidden":0,"_bbp_reply_count_hidden":0,"_bbp_forum_subforum_count":0,"footnotes":""},"categories":[29],"tags":[],"class_list":["post-1627","post","type-post","status-publish","format-standard","has-post-thumbnail","hentry","category-portada"],"post_mailing_queue_ids":[],"_links":{"self":[{"href":"https:\/\/agora.xtec.cat\/inslesvinyescubelles\/wp-json\/wp\/v2\/posts\/1627","targetHints":{"allow":["GET"]}}],"collection":[{"href":"https:\/\/agora.xtec.cat\/inslesvinyescubelles\/wp-json\/wp\/v2\/posts"}],"about":[{"href":"https:\/\/agora.xtec.cat\/inslesvinyescubelles\/wp-json\/wp\/v2\/types\/post"}],"author":[{"embeddable":true,"href":"https:\/\/agora.xtec.cat\/inslesvinyescubelles\/wp-json\/wp\/v2\/users\/16"}],"replies":[{"embeddable":true,"href":"https:\/\/agora.xtec.cat\/inslesvinyescubelles\/wp-json\/wp\/v2\/comments?post=1627"}],"version-history":[{"count":2,"href":"https:\/\/agora.xtec.cat\/inslesvinyescubelles\/wp-json\/wp\/v2\/posts\/1627\/revisions"}],"predecessor-version":[{"id":1629,"href":"https:\/\/agora.xtec.cat\/inslesvinyescubelles\/wp-json\/wp\/v2\/posts\/1627\/revisions\/1629"}],"wp:featuredmedia":[{"embeddable":true,"href":"https:\/\/agora.xtec.cat\/inslesvinyescubelles\/wp-json\/wp\/v2\/media\/1622"}],"wp:attachment":[{"href":"https:\/\/agora.xtec.cat\/inslesvinyescubelles\/wp-json\/wp\/v2\/media?parent=1627"}],"wp:term":[{"taxonomy":"category","embeddable":true,"href":"https:\/\/agora.xtec.cat\/inslesvinyescubelles\/wp-json\/wp\/v2\/categories?post=1627"},{"taxonomy":"post_tag","embeddable":true,"href":"https:\/\/agora.xtec.cat\/inslesvinyescubelles\/wp-json\/wp\/v2\/tags?post=1627"}],"curies":[{"name":"wp","href":"https:\/\/api.w.org\/{rel}","templated":true}]}}