{"id":1619,"date":"2016-04-19T21:01:23","date_gmt":"2016-04-19T20:01:23","guid":{"rendered":"http:\/\/agora.xtec.cat\/inslesvinyescubelles\/?p=1619"},"modified":"2016-07-19T19:50:04","modified_gmt":"2016-07-19T18:50:04","slug":"visita-al-cosmocaixa","status":"publish","type":"post","link":"https:\/\/agora.xtec.cat\/inslesvinyescubelles\/portada\/visita-al-cosmocaixa\/","title":{"rendered":"Visita al Cosmocaixa"},"content":{"rendered":"<p>El passat 14 d&#8217;abril els alumnes de 1r d&#8217;ESO i de l&#8217;optativa de Biologia i Geologia de 4t d&#8217;ESO vam visitar el Cosmocaixa de Barcelona. Els alumnes de 1r van assistir a una sessi\u00f3 al Planetari on se&#8217;ls va explicar com \u00e9s l&#8217;Univers i el Sistema Solar, i els alumnes de 4t d&#8217;ESO van fer una visita comentada a l&#8217;exposici\u00f3 sobre l&#8217;evoluci\u00f3 humana. Despr\u00e9s tots van poder experimentar amb les activitats interactives de la Sala de la Mat\u00e8ria i visitar el bosc inundat.<\/p>\n<p><a href=\"http:\/\/agora.xtec.cat\/inslesvinyescubelles\/wp-content\/uploads\/usu375\/2016\/04\/cosmocaixa1r4t.jpg\"><img loading=\"lazy\" decoding=\"async\" class=\" size-large wp-image-1624 aligncenter\" src=\"http:\/\/agora.xtec.cat\/inslesvinyescubelles\/wp-content\/uploads\/usu375\/2016\/04\/cosmocaixa1r4t-438x1024.jpg\" alt=\"cosmocaixa1r4t\" width=\"438\" height=\"1024\" srcset=\"https:\/\/agora.xtec.cat\/inslesvinyescubelles\/wp-content\/uploads\/usu375\/2016\/04\/cosmocaixa1r4t-438x1024.jpg 438w, https:\/\/agora.xtec.cat\/inslesvinyescubelles\/wp-content\/uploads\/usu375\/2016\/04\/cosmocaixa1r4t-128x300.jpg 128w, https:\/\/agora.xtec.cat\/inslesvinyescubelles\/wp-content\/uploads\/usu375\/2016\/04\/cosmocaixa1r4t.jpg 800w\" sizes=\"auto, (max-width: 438px) 100vw, 438px\" \/><\/a><\/p>\n","protected":false},"excerpt":{"rendered":"<p>El passat 14 d&#8217;abril els alumnes de 1r d&#8217;ESO i de l&#8217;optativa de Biologia i Geologia de 4t d&#8217;ESO vam visitar el Cosmocaixa de Barcelona. Els alumnes de 1r van assistir a una sessi\u00f3 al Planetari on se&#8217;ls va explicar com \u00e9s l&#8217;Univers i el&hellip;  <a href=\"https:\/\/agora.xtec.cat\/inslesvinyescubelles\/portada\/visita-al-cosmocaixa\/\" title=\"Read Visita al Cosmocaixa\">Llegeix m\u00e9s\u00bb<\/a><\/p>\n","protected":false},"author":16,"featured_media":1626,"comment_status":"open","ping_status":"open","sticky":false,"template":"","format":"standard","meta":{"_bbp_topic_count":0,"_bbp_reply_count":0,"_bbp_total_topic_count":0,"_bbp_total_reply_count":0,"_bbp_voice_count":0,"_bbp_anonymous_reply_count":0,"_bbp_topic_count_hidden":0,"_bbp_reply_count_hidden":0,"_bbp_forum_subforum_count":0,"footnotes":""},"categories":[61,29],"tags":[],"class_list":["post-1619","post","type-post","status-publish","format-standard","has-post-thumbnail","hentry","category-4-eso1920","category-portada"],"post_mailing_queue_ids":[],"_links":{"self":[{"href":"https:\/\/agora.xtec.cat\/inslesvinyescubelles\/wp-json\/wp\/v2\/posts\/1619","targetHints":{"allow":["GET"]}}],"collection":[{"href":"https:\/\/agora.xtec.cat\/inslesvinyescubelles\/wp-json\/wp\/v2\/posts"}],"about":[{"href":"https:\/\/agora.xtec.cat\/inslesvinyescubelles\/wp-json\/wp\/v2\/types\/post"}],"author":[{"embeddable":true,"href":"https:\/\/agora.xtec.cat\/inslesvinyescubelles\/wp-json\/wp\/v2\/users\/16"}],"replies":[{"embeddable":true,"href":"https:\/\/agora.xtec.cat\/inslesvinyescubelles\/wp-json\/wp\/v2\/comments?post=1619"}],"version-history":[{"count":2,"href":"https:\/\/agora.xtec.cat\/inslesvinyescubelles\/wp-json\/wp\/v2\/posts\/1619\/revisions"}],"predecessor-version":[{"id":1625,"href":"https:\/\/agora.xtec.cat\/inslesvinyescubelles\/wp-json\/wp\/v2\/posts\/1619\/revisions\/1625"}],"wp:featuredmedia":[{"embeddable":true,"href":"https:\/\/agora.xtec.cat\/inslesvinyescubelles\/wp-json\/wp\/v2\/media\/1626"}],"wp:attachment":[{"href":"https:\/\/agora.xtec.cat\/inslesvinyescubelles\/wp-json\/wp\/v2\/media?parent=1619"}],"wp:term":[{"taxonomy":"category","embeddable":true,"href":"https:\/\/agora.xtec.cat\/inslesvinyescubelles\/wp-json\/wp\/v2\/categories?post=1619"},{"taxonomy":"post_tag","embeddable":true,"href":"https:\/\/agora.xtec.cat\/inslesvinyescubelles\/wp-json\/wp\/v2\/tags?post=1619"}],"curies":[{"name":"wp","href":"https:\/\/api.w.org\/{rel}","templated":true}]}}