{"id":1611,"date":"2016-04-14T10:14:02","date_gmt":"2016-04-14T09:14:02","guid":{"rendered":"http:\/\/agora.xtec.cat\/inslesvinyescubelles\/?p=1611"},"modified":"2016-04-14T10:14:02","modified_gmt":"2016-04-14T09:14:02","slug":"lalumnat-comenca-lintercanvi-a-berlin","status":"publish","type":"post","link":"https:\/\/agora.xtec.cat\/inslesvinyescubelles\/portada\/lalumnat-comenca-lintercanvi-a-berlin\/","title":{"rendered":"L&#8217;alumnat comen\u00e7a l&#8217;intercanvi a Berl\u00edn!"},"content":{"rendered":"<p>Avui ha marxat un grup d&#8217;alumnes de l&#8217;optativa d&#8217;alemany a Berl\u00edn d&#8217;intercanvi acad\u00e8mic amb les professores Ruth Beltran i Yolanda Gonz\u00e1lez.<\/p>\n<p>Passaran 6 dies amb fam\u00edlies i alumnes visitant els monuments principals de la ciutat i coneixent la seva cultura i idioma.<\/p>\n<p>Des de l&#8217;institut els volem desitjar que tinguin un bon viatge!!<\/p>\n<p><a href=\"http:\/\/agora.xtec.cat\/inslesvinyescubelles\/wp-content\/uploads\/usu375\/2016\/04\/IMG-20160414-WA0001.jpg\"><img loading=\"lazy\" decoding=\"async\" class=\"alignnone size-large wp-image-1612\" src=\"http:\/\/agora.xtec.cat\/inslesvinyescubelles\/wp-content\/uploads\/usu375\/2016\/04\/IMG-20160414-WA0001-1024x508.jpg\" alt=\"IMG-20160414-WA0001\" width=\"1024\" height=\"508\" srcset=\"https:\/\/agora.xtec.cat\/inslesvinyescubelles\/wp-content\/uploads\/usu375\/2016\/04\/IMG-20160414-WA0001-1024x508.jpg 1024w, https:\/\/agora.xtec.cat\/inslesvinyescubelles\/wp-content\/uploads\/usu375\/2016\/04\/IMG-20160414-WA0001-300x149.jpg 300w, https:\/\/agora.xtec.cat\/inslesvinyescubelles\/wp-content\/uploads\/usu375\/2016\/04\/IMG-20160414-WA0001.jpg 1600w\" sizes=\"auto, (max-width: 1024px) 100vw, 1024px\" \/><\/a><\/p>\n","protected":false},"excerpt":{"rendered":"<p>Avui ha marxat un grup d&#8217;alumnes de l&#8217;optativa d&#8217;alemany a Berl\u00edn d&#8217;intercanvi acad\u00e8mic amb les professores Ruth Beltran i Yolanda Gonz\u00e1lez.<br \/>\nPassaran 6 dies amb fam\u00edlies i alumnes visitant els monuments principals de la ciutat i coneixent la seva cultura i idioma.<br \/>\nDes de l&#8217;institut els volem&hellip;  <a href=\"https:\/\/agora.xtec.cat\/inslesvinyescubelles\/portada\/lalumnat-comenca-lintercanvi-a-berlin\/\" title=\"Read L&#8217;alumnat comen\u00e7a l&#8217;intercanvi a Berl\u00edn!\">Llegeix m\u00e9s\u00bb<\/a><\/p>\n","protected":false},"author":1,"featured_media":1612,"comment_status":"open","ping_status":"open","sticky":false,"template":"","format":"standard","meta":{"_bbp_topic_count":0,"_bbp_reply_count":0,"_bbp_total_topic_count":0,"_bbp_total_reply_count":0,"_bbp_voice_count":0,"_bbp_anonymous_reply_count":0,"_bbp_topic_count_hidden":0,"_bbp_reply_count_hidden":0,"_bbp_forum_subforum_count":0,"footnotes":""},"categories":[29],"tags":[],"class_list":["post-1611","post","type-post","status-publish","format-standard","has-post-thumbnail","hentry","category-portada"],"post_mailing_queue_ids":[],"_links":{"self":[{"href":"https:\/\/agora.xtec.cat\/inslesvinyescubelles\/wp-json\/wp\/v2\/posts\/1611","targetHints":{"allow":["GET"]}}],"collection":[{"href":"https:\/\/agora.xtec.cat\/inslesvinyescubelles\/wp-json\/wp\/v2\/posts"}],"about":[{"href":"https:\/\/agora.xtec.cat\/inslesvinyescubelles\/wp-json\/wp\/v2\/types\/post"}],"author":[{"embeddable":true,"href":"https:\/\/agora.xtec.cat\/inslesvinyescubelles\/wp-json\/wp\/v2\/users\/1"}],"replies":[{"embeddable":true,"href":"https:\/\/agora.xtec.cat\/inslesvinyescubelles\/wp-json\/wp\/v2\/comments?post=1611"}],"version-history":[{"count":1,"href":"https:\/\/agora.xtec.cat\/inslesvinyescubelles\/wp-json\/wp\/v2\/posts\/1611\/revisions"}],"predecessor-version":[{"id":1613,"href":"https:\/\/agora.xtec.cat\/inslesvinyescubelles\/wp-json\/wp\/v2\/posts\/1611\/revisions\/1613"}],"wp:featuredmedia":[{"embeddable":true,"href":"https:\/\/agora.xtec.cat\/inslesvinyescubelles\/wp-json\/wp\/v2\/media\/1612"}],"wp:attachment":[{"href":"https:\/\/agora.xtec.cat\/inslesvinyescubelles\/wp-json\/wp\/v2\/media?parent=1611"}],"wp:term":[{"taxonomy":"category","embeddable":true,"href":"https:\/\/agora.xtec.cat\/inslesvinyescubelles\/wp-json\/wp\/v2\/categories?post=1611"},{"taxonomy":"post_tag","embeddable":true,"href":"https:\/\/agora.xtec.cat\/inslesvinyescubelles\/wp-json\/wp\/v2\/tags?post=1611"}],"curies":[{"name":"wp","href":"https:\/\/api.w.org\/{rel}","templated":true}]}}