{"id":1519,"date":"2016-03-19T17:39:58","date_gmt":"2016-03-19T16:39:58","guid":{"rendered":"http:\/\/agora.xtec.cat\/inslesvinyescubelles\/?p=1519"},"modified":"2018-09-16T17:48:18","modified_gmt":"2018-09-16T15:48:18","slug":"taller-primers-auxilis","status":"publish","type":"post","link":"https:\/\/agora.xtec.cat\/inslesvinyescubelles\/portada\/taller-primers-auxilis\/","title":{"rendered":"Taller Primers Auxilis"},"content":{"rendered":"<p>&nbsp;<\/p>\n<p><a href=\"http:\/\/agora.xtec.cat\/inslesvinyescubelles\/wp-content\/uploads\/usu375\/2016\/03\/image1.jpeg\"><img loading=\"lazy\" decoding=\"async\" class=\"alignnone size-large wp-image-1516\" src=\"http:\/\/agora.xtec.cat\/inslesvinyescubelles\/wp-content\/uploads\/usu375\/2016\/03\/image1-1024x576.jpeg\" alt=\"image\" width=\"1024\" height=\"576\" srcset=\"https:\/\/agora.xtec.cat\/inslesvinyescubelles\/wp-content\/uploads\/usu375\/2016\/03\/image1-1024x576.jpeg 1024w, https:\/\/agora.xtec.cat\/inslesvinyescubelles\/wp-content\/uploads\/usu375\/2016\/03\/image1-300x169.jpeg 300w, https:\/\/agora.xtec.cat\/inslesvinyescubelles\/wp-content\/uploads\/usu375\/2016\/03\/image1.jpeg 1600w\" sizes=\"auto, (max-width: 1024px) 100vw, 1024px\" \/><\/a><\/p>\n<p>L&#8217;alumnat de 3r d&#8217;ESO acomiada el trimestre realitzant un taller pr\u00e0ctic de primers auxilis. L&#8217;objectiu del taller \u00e9s aprendre nocions b\u00e0siques que poden posar en pr\u00e0ctica si en alguna ocasi\u00f3 es troben en una situaci\u00f3 d&#8217;emerg\u00e8ncia. La maniobra de Heimlich (desobstrucci\u00f3 de vies), maniobra RPC (reanimaci\u00f3 cardiovascular), han estat entre d&#8217;altres les pr\u00e0ctiques que han portat a terme.<\/p>\n<p>El taller ha estat liderat per t\u00e8cnics en primers auxilis de l&#8217;empresa SIS Prevenci\u00f3.<\/p>\n<p>&nbsp;<\/p>\n<p>&nbsp;<\/p>\n","protected":false},"excerpt":{"rendered":"<p>&nbsp;<br \/>\n<a href=\"http:\/\/agora.xtec.cat\/inslesvinyescubelles\/wp-content\/uploads\/usu375\/2016\/03\/image1.jpeg\"><\/a><br \/>\nL&#8217;alumnat de 3r d&#8217;ESO acomiada el trimestre realitzant un taller pr\u00e0ctic de primers auxilis. L&#8217;objectiu del taller \u00e9s aprendre nocions b\u00e0siques que poden posar en pr\u00e0ctica si en alguna ocasi\u00f3 es troben en una situaci\u00f3 d&#8217;emerg\u00e8ncia. La maniobra de Heimlich (desobstrucci\u00f3 de vies), maniobra&hellip;  <a href=\"https:\/\/agora.xtec.cat\/inslesvinyescubelles\/portada\/taller-primers-auxilis\/\" title=\"Read Taller Primers Auxilis\">Llegeix m\u00e9s\u00bb<\/a><\/p>\n","protected":false},"author":1,"featured_media":1515,"comment_status":"open","ping_status":"closed","sticky":false,"template":"","format":"standard","meta":{"_bbp_topic_count":0,"_bbp_reply_count":0,"_bbp_total_topic_count":0,"_bbp_total_reply_count":0,"_bbp_voice_count":0,"_bbp_anonymous_reply_count":0,"_bbp_topic_count_hidden":0,"_bbp_reply_count_hidden":0,"_bbp_forum_subforum_count":0,"footnotes":""},"categories":[29],"tags":[],"class_list":["post-1519","post","type-post","status-publish","format-standard","has-post-thumbnail","hentry","category-portada"],"post_mailing_queue_ids":[],"_links":{"self":[{"href":"https:\/\/agora.xtec.cat\/inslesvinyescubelles\/wp-json\/wp\/v2\/posts\/1519","targetHints":{"allow":["GET"]}}],"collection":[{"href":"https:\/\/agora.xtec.cat\/inslesvinyescubelles\/wp-json\/wp\/v2\/posts"}],"about":[{"href":"https:\/\/agora.xtec.cat\/inslesvinyescubelles\/wp-json\/wp\/v2\/types\/post"}],"author":[{"embeddable":true,"href":"https:\/\/agora.xtec.cat\/inslesvinyescubelles\/wp-json\/wp\/v2\/users\/1"}],"replies":[{"embeddable":true,"href":"https:\/\/agora.xtec.cat\/inslesvinyescubelles\/wp-json\/wp\/v2\/comments?post=1519"}],"version-history":[{"count":3,"href":"https:\/\/agora.xtec.cat\/inslesvinyescubelles\/wp-json\/wp\/v2\/posts\/1519\/revisions"}],"predecessor-version":[{"id":1522,"href":"https:\/\/agora.xtec.cat\/inslesvinyescubelles\/wp-json\/wp\/v2\/posts\/1519\/revisions\/1522"}],"wp:featuredmedia":[{"embeddable":true,"href":"https:\/\/agora.xtec.cat\/inslesvinyescubelles\/wp-json\/wp\/v2\/media\/1515"}],"wp:attachment":[{"href":"https:\/\/agora.xtec.cat\/inslesvinyescubelles\/wp-json\/wp\/v2\/media?parent=1519"}],"wp:term":[{"taxonomy":"category","embeddable":true,"href":"https:\/\/agora.xtec.cat\/inslesvinyescubelles\/wp-json\/wp\/v2\/categories?post=1519"},{"taxonomy":"post_tag","embeddable":true,"href":"https:\/\/agora.xtec.cat\/inslesvinyescubelles\/wp-json\/wp\/v2\/tags?post=1519"}],"curies":[{"name":"wp","href":"https:\/\/api.w.org\/{rel}","templated":true}]}}