{"id":1463,"date":"2016-03-02T12:43:41","date_gmt":"2016-03-02T11:43:41","guid":{"rendered":"http:\/\/agora.xtec.cat\/inslesvinyescubelles\/?p=1463"},"modified":"2017-09-13T22:53:21","modified_gmt":"2017-09-13T20:53:21","slug":"ens-convertim-en-empresaris-i-empresaries","status":"publish","type":"post","link":"https:\/\/agora.xtec.cat\/inslesvinyescubelles\/general\/ens-convertim-en-empresaris-i-empresaries\/","title":{"rendered":"Ens convertim en empresaris i empres\u00e0ries"},"content":{"rendered":"<p><a href=\"http:\/\/agora.xtec.cat\/inslesvinyescubelles\/wp-content\/uploads\/usu375\/2016\/03\/Info_emprenedoria.png\"><img loading=\"lazy\" decoding=\"async\" class=\"alignnone size-large wp-image-1462\" src=\"http:\/\/agora.xtec.cat\/inslesvinyescubelles\/wp-content\/uploads\/usu375\/2016\/03\/Info_emprenedoria-460x1024.png\" alt=\"Info_emprenedoria\" width=\"460\" height=\"1024\" srcset=\"https:\/\/agora.xtec.cat\/inslesvinyescubelles\/wp-content\/uploads\/usu375\/2016\/03\/Info_emprenedoria-460x1024.png 460w, https:\/\/agora.xtec.cat\/inslesvinyescubelles\/wp-content\/uploads\/usu375\/2016\/03\/Info_emprenedoria-135x300.png 135w, https:\/\/agora.xtec.cat\/inslesvinyescubelles\/wp-content\/uploads\/usu375\/2016\/03\/Info_emprenedoria.png 800w\" sizes=\"auto, (max-width: 460px) 100vw, 460px\" \/><\/a><\/p>\n<p>L&#8217;alumnat de l&#8217;optativa d&#8217;Emprenedoria de 3r de l&#8217;ESO es converteix en empresaris i empres\u00e0ries durant un trimestre. Definici\u00f3 de la idea de negoci, estudi de la compet\u00e8ncia, clients, prove\u00efdors, pla de marketing, pla financer&#8230; s\u00f3n entre d&#8217;alrtes els conceptes que ha treballat l&#8217;alumnat per a poder realitzar el Pla d&#8217;Empresa del seu futur negoci. L&#8217;Ainhoa i la Cl\u00e0udia dirigiran una discoteca, el Pau i el Gerard seran els gerents d&#8217;una empresa d&#8217;instal\u00b7lacions per a practicar Parkour i el Natxo, Mario i el Dani han posat en marxa una botiga d&#8217;equipaments de telecomunicacions i electr\u00f2nica.<\/p>\n<p>Bona feina!. Aqu\u00ed podreu visualitzar el moment que presenten el seu pla d&#8217;empresa als possibles inversors en el seu negoci.<\/p>\n<p>&nbsp;<\/p>\n<p><iframe loading=\"lazy\" title=\"EMPRESARIS PER UN TRIMESTRE\" width=\"500\" height=\"281\" src=\"https:\/\/www.youtube.com\/embed\/fWGM112hKnQ?feature=oembed\" frameborder=\"0\" allow=\"accelerometer; autoplay; clipboard-write; encrypted-media; gyroscope; picture-in-picture; web-share\" referrerpolicy=\"strict-origin-when-cross-origin\" allowfullscreen><\/iframe><\/p>\n","protected":false},"excerpt":{"rendered":"<p><a href=\"http:\/\/agora.xtec.cat\/inslesvinyescubelles\/wp-content\/uploads\/usu375\/2016\/03\/Info_emprenedoria.png\"><\/a><br \/>\nL&#8217;alumnat de l&#8217;optativa d&#8217;Emprenedoria de 3r de l&#8217;ESO es converteix en empresaris i empres\u00e0ries durant un trimestre. Definici\u00f3 de la idea de negoci, estudi de la compet\u00e8ncia, clients, prove\u00efdors, pla de marketing, pla financer&#8230; s\u00f3n entre d&#8217;alrtes els conceptes que ha treballat l&#8217;alumnat per&hellip;  <a href=\"https:\/\/agora.xtec.cat\/inslesvinyescubelles\/general\/ens-convertim-en-empresaris-i-empresaries\/\" title=\"Read Ens convertim en empresaris i empres\u00e0ries\">Llegeix m\u00e9s\u00bb<\/a><\/p>\n","protected":false},"author":1,"featured_media":1462,"comment_status":"open","ping_status":"open","sticky":false,"template":"","format":"standard","meta":{"_bbp_topic_count":0,"_bbp_reply_count":0,"_bbp_total_topic_count":0,"_bbp_total_reply_count":0,"_bbp_voice_count":0,"_bbp_anonymous_reply_count":0,"_bbp_topic_count_hidden":0,"_bbp_reply_count_hidden":0,"_bbp_forum_subforum_count":0,"footnotes":""},"categories":[1],"tags":[],"class_list":["post-1463","post","type-post","status-publish","format-standard","has-post-thumbnail","hentry","category-general"],"post_mailing_queue_ids":[],"_links":{"self":[{"href":"https:\/\/agora.xtec.cat\/inslesvinyescubelles\/wp-json\/wp\/v2\/posts\/1463","targetHints":{"allow":["GET"]}}],"collection":[{"href":"https:\/\/agora.xtec.cat\/inslesvinyescubelles\/wp-json\/wp\/v2\/posts"}],"about":[{"href":"https:\/\/agora.xtec.cat\/inslesvinyescubelles\/wp-json\/wp\/v2\/types\/post"}],"author":[{"embeddable":true,"href":"https:\/\/agora.xtec.cat\/inslesvinyescubelles\/wp-json\/wp\/v2\/users\/1"}],"replies":[{"embeddable":true,"href":"https:\/\/agora.xtec.cat\/inslesvinyescubelles\/wp-json\/wp\/v2\/comments?post=1463"}],"version-history":[{"count":2,"href":"https:\/\/agora.xtec.cat\/inslesvinyescubelles\/wp-json\/wp\/v2\/posts\/1463\/revisions"}],"predecessor-version":[{"id":1478,"href":"https:\/\/agora.xtec.cat\/inslesvinyescubelles\/wp-json\/wp\/v2\/posts\/1463\/revisions\/1478"}],"wp:featuredmedia":[{"embeddable":true,"href":"https:\/\/agora.xtec.cat\/inslesvinyescubelles\/wp-json\/wp\/v2\/media\/1462"}],"wp:attachment":[{"href":"https:\/\/agora.xtec.cat\/inslesvinyescubelles\/wp-json\/wp\/v2\/media?parent=1463"}],"wp:term":[{"taxonomy":"category","embeddable":true,"href":"https:\/\/agora.xtec.cat\/inslesvinyescubelles\/wp-json\/wp\/v2\/categories?post=1463"},{"taxonomy":"post_tag","embeddable":true,"href":"https:\/\/agora.xtec.cat\/inslesvinyescubelles\/wp-json\/wp\/v2\/tags?post=1463"}],"curies":[{"name":"wp","href":"https:\/\/api.w.org\/{rel}","templated":true}]}}