{"id":14535,"date":"2023-01-31T08:42:17","date_gmt":"2023-01-31T07:42:17","guid":{"rendered":"https:\/\/agora.xtec.cat\/inslesvinyescubelles\/?p=14535"},"modified":"2023-02-08T12:55:28","modified_gmt":"2023-02-08T11:55:28","slug":"portes-obertes","status":"publish","type":"post","link":"https:\/\/agora.xtec.cat\/inslesvinyescubelles\/general\/portes-obertes\/","title":{"rendered":"Portes Obertes"},"content":{"rendered":"<p style=\"text-align: left;\">Per a les visites guiades i la presentaci\u00f3 del Projecte Educatiu de la jornada de <strong>Portes Obertes 2023\/2024<\/strong>, que enguany es realitzar\u00e0 dissabte 4 de Mar\u00e7<strong>, <\/strong>cal <span style=\"color: red;\"><strong>inscripci\u00f3 pr\u00e8via<\/strong><\/span>.<\/p>\n<p style=\"text-align: center;\">Per aquest motiu haureu d&#8217;omplir el seg\u00fcent formulari:<\/p>\n<h3 style=\"text-align: center;\"><a href=\"https:\/\/docs.google.com\/forms\/d\/e\/1FAIpQLSeUOCJVz5EzudlROX3IZCVuhAVRVOgE6iJ9tRpmmAqW5QmP-Q\/viewform\"><strong>FORMULARI<\/strong><\/a><\/h3>\n<p>&nbsp;<\/p>\n<p><a href=\"https:\/\/agora.xtec.cat\/inslesvinyescubelles\/wp-content\/uploads\/usu375\/2023\/01\/png_20230207_215225_0000.png\"><img loading=\"lazy\" decoding=\"async\" class=\"alignleft size-full wp-image-14593\" src=\"https:\/\/agora.xtec.cat\/inslesvinyescubelles\/wp-content\/uploads\/usu375\/2023\/01\/png_20230207_215225_0000.png\" alt=\"\" width=\"1080\" height=\"1080\" srcset=\"https:\/\/agora.xtec.cat\/inslesvinyescubelles\/wp-content\/uploads\/usu375\/2023\/01\/png_20230207_215225_0000.png 1080w, https:\/\/agora.xtec.cat\/inslesvinyescubelles\/wp-content\/uploads\/usu375\/2023\/01\/png_20230207_215225_0000-300x300.png 300w, https:\/\/agora.xtec.cat\/inslesvinyescubelles\/wp-content\/uploads\/usu375\/2023\/01\/png_20230207_215225_0000-1024x1024.png 1024w, https:\/\/agora.xtec.cat\/inslesvinyescubelles\/wp-content\/uploads\/usu375\/2023\/01\/png_20230207_215225_0000-150x150.png 150w, https:\/\/agora.xtec.cat\/inslesvinyescubelles\/wp-content\/uploads\/usu375\/2023\/01\/png_20230207_215225_0000-768x768.png 768w\" sizes=\"auto, (max-width: 1080px) 100vw, 1080px\" \/><\/a><\/p>\n<p>&nbsp;<\/p>\n<p>&nbsp;<\/p>\n<p>&nbsp;<\/p>\n<p>&nbsp;<\/p>\n<p>&nbsp;<\/p>\n","protected":false},"excerpt":{"rendered":"<p>Per a les visites guiades i la presentaci\u00f3 del Projecte Educatiu de la jornada de Portes Obertes 2023\/2024, que enguany es realitzar\u00e0 dissabte 4 de Mar\u00e7, cal inscripci\u00f3 pr\u00e8via.<br \/>\nPer aquest motiu haureu d&#8217;omplir el seg\u00fcent formulari:<br \/>\n<a href=\"https:\/\/docs.google.com\/forms\/d\/e\/1FAIpQLSeUOCJVz5EzudlROX3IZCVuhAVRVOgE6iJ9tRpmmAqW5QmP-Q\/viewform\">FORMULARI<\/a><br \/>\n&nbsp;<br \/>\n<a href=\"https:\/\/agora.xtec.cat\/inslesvinyescubelles\/wp-content\/uploads\/usu375\/2023\/01\/png_20230207_215225_0000.png\"><\/a><br \/>\n&nbsp;<br \/>\n&nbsp;<br \/>\n&nbsp;<br \/>\n&nbsp;<br \/>\n&nbsp;<\/p>\n","protected":false},"author":1,"featured_media":0,"comment_status":"open","ping_status":"closed","sticky":false,"template":"","format":"standard","meta":{"_bbp_topic_count":0,"_bbp_reply_count":0,"_bbp_total_topic_count":0,"_bbp_total_reply_count":0,"_bbp_voice_count":0,"_bbp_anonymous_reply_count":0,"_bbp_topic_count_hidden":0,"_bbp_reply_count_hidden":0,"_bbp_forum_subforum_count":0,"footnotes":""},"categories":[1],"tags":[],"class_list":["post-14535","post","type-post","status-publish","format-standard","hentry","category-general"],"post_mailing_queue_ids":[],"_links":{"self":[{"href":"https:\/\/agora.xtec.cat\/inslesvinyescubelles\/wp-json\/wp\/v2\/posts\/14535","targetHints":{"allow":["GET"]}}],"collection":[{"href":"https:\/\/agora.xtec.cat\/inslesvinyescubelles\/wp-json\/wp\/v2\/posts"}],"about":[{"href":"https:\/\/agora.xtec.cat\/inslesvinyescubelles\/wp-json\/wp\/v2\/types\/post"}],"author":[{"embeddable":true,"href":"https:\/\/agora.xtec.cat\/inslesvinyescubelles\/wp-json\/wp\/v2\/users\/1"}],"replies":[{"embeddable":true,"href":"https:\/\/agora.xtec.cat\/inslesvinyescubelles\/wp-json\/wp\/v2\/comments?post=14535"}],"version-history":[{"count":3,"href":"https:\/\/agora.xtec.cat\/inslesvinyescubelles\/wp-json\/wp\/v2\/posts\/14535\/revisions"}],"predecessor-version":[{"id":14594,"href":"https:\/\/agora.xtec.cat\/inslesvinyescubelles\/wp-json\/wp\/v2\/posts\/14535\/revisions\/14594"}],"wp:attachment":[{"href":"https:\/\/agora.xtec.cat\/inslesvinyescubelles\/wp-json\/wp\/v2\/media?parent=14535"}],"wp:term":[{"taxonomy":"category","embeddable":true,"href":"https:\/\/agora.xtec.cat\/inslesvinyescubelles\/wp-json\/wp\/v2\/categories?post=14535"},{"taxonomy":"post_tag","embeddable":true,"href":"https:\/\/agora.xtec.cat\/inslesvinyescubelles\/wp-json\/wp\/v2\/tags?post=14535"}],"curies":[{"name":"wp","href":"https:\/\/api.w.org\/{rel}","templated":true}]}}