{"id":14451,"date":"2022-12-20T18:45:44","date_gmt":"2022-12-20T17:45:44","guid":{"rendered":"https:\/\/agora.xtec.cat\/inslesvinyescubelles\/?p=14451"},"modified":"2022-12-20T18:45:44","modified_gmt":"2022-12-20T17:45:44","slug":"projecte-madres-de-la-plaza-de-mayo","status":"publish","type":"post","link":"https:\/\/agora.xtec.cat\/inslesvinyescubelles\/general\/projecte-madres-de-la-plaza-de-mayo\/","title":{"rendered":"Projecte Madres\u00a0de la\u00a0Plaza\u00a0de\u00a0Mayo"},"content":{"rendered":"<p>Aquesta setmana l&#8217;alumnat de 4t ha treballat el projecte sobre\u00a0Las\u00a0Madres\u00a0de la\u00a0Plaza\u00a0de\u00a0Mayo. Al llarg de\u00a05\u00a0dies han conegut el context social, hist\u00f2ric i cultural de l&#8217;\u00e8poca a trav\u00e9s de pel\u00b7l\u00edcules, textos, testimonis, etc. A m\u00e9s, han debatut sobre els conceptes de democr\u00e0cia i dictadura i han conegut la import\u00e0ncia de la gen\u00e8tica per descobrir als desapareguts. Tot aix\u00f2 ho han materialitzat en aquestes infografies on han traslladat tot el que han apr\u00e8s i les emocions que han experimentat.<\/p>\n<p>Enhorabona nois\/es per la vostra feina!<\/p>\n<p>&nbsp;<\/p>\n<p><a href=\"https:\/\/agora.xtec.cat\/inslesvinyescubelles\/wp-content\/uploads\/usu375\/2022\/12\/IMG-20221220-WA0008.jpg\"><img loading=\"lazy\" decoding=\"async\" class=\"alignleft size-full wp-image-14452\" src=\"https:\/\/agora.xtec.cat\/inslesvinyescubelles\/wp-content\/uploads\/usu375\/2022\/12\/IMG-20221220-WA0008.jpg\" alt=\"\" width=\"2000\" height=\"1500\" srcset=\"https:\/\/agora.xtec.cat\/inslesvinyescubelles\/wp-content\/uploads\/usu375\/2022\/12\/IMG-20221220-WA0008.jpg 2000w, https:\/\/agora.xtec.cat\/inslesvinyescubelles\/wp-content\/uploads\/usu375\/2022\/12\/IMG-20221220-WA0008-300x225.jpg 300w, https:\/\/agora.xtec.cat\/inslesvinyescubelles\/wp-content\/uploads\/usu375\/2022\/12\/IMG-20221220-WA0008-1024x768.jpg 1024w, https:\/\/agora.xtec.cat\/inslesvinyescubelles\/wp-content\/uploads\/usu375\/2022\/12\/IMG-20221220-WA0008-768x576.jpg 768w, https:\/\/agora.xtec.cat\/inslesvinyescubelles\/wp-content\/uploads\/usu375\/2022\/12\/IMG-20221220-WA0008-1536x1152.jpg 1536w, https:\/\/agora.xtec.cat\/inslesvinyescubelles\/wp-content\/uploads\/usu375\/2022\/12\/IMG-20221220-WA0008-200x150.jpg 200w\" sizes=\"auto, (max-width: 2000px) 100vw, 2000px\" \/><\/a><a href=\"https:\/\/agora.xtec.cat\/inslesvinyescubelles\/wp-content\/uploads\/usu375\/2022\/12\/IMG-20221220-WA0006.jpg\"><img loading=\"lazy\" decoding=\"async\" class=\"alignleft size-full wp-image-14454\" src=\"https:\/\/agora.xtec.cat\/inslesvinyescubelles\/wp-content\/uploads\/usu375\/2022\/12\/IMG-20221220-WA0006.jpg\" alt=\"\" width=\"2000\" height=\"900\" srcset=\"https:\/\/agora.xtec.cat\/inslesvinyescubelles\/wp-content\/uploads\/usu375\/2022\/12\/IMG-20221220-WA0006.jpg 2000w, https:\/\/agora.xtec.cat\/inslesvinyescubelles\/wp-content\/uploads\/usu375\/2022\/12\/IMG-20221220-WA0006-300x135.jpg 300w, https:\/\/agora.xtec.cat\/inslesvinyescubelles\/wp-content\/uploads\/usu375\/2022\/12\/IMG-20221220-WA0006-1024x461.jpg 1024w, https:\/\/agora.xtec.cat\/inslesvinyescubelles\/wp-content\/uploads\/usu375\/2022\/12\/IMG-20221220-WA0006-768x346.jpg 768w, https:\/\/agora.xtec.cat\/inslesvinyescubelles\/wp-content\/uploads\/usu375\/2022\/12\/IMG-20221220-WA0006-1536x691.jpg 1536w\" sizes=\"auto, (max-width: 2000px) 100vw, 2000px\" \/><\/a> <a href=\"https:\/\/agora.xtec.cat\/inslesvinyescubelles\/wp-content\/uploads\/usu375\/2022\/12\/IMG-20221220-WA0005.jpg\"><img loading=\"lazy\" decoding=\"async\" class=\"alignleft size-full wp-image-14455\" src=\"https:\/\/agora.xtec.cat\/inslesvinyescubelles\/wp-content\/uploads\/usu375\/2022\/12\/IMG-20221220-WA0005.jpg\" alt=\"\" width=\"2000\" height=\"900\" srcset=\"https:\/\/agora.xtec.cat\/inslesvinyescubelles\/wp-content\/uploads\/usu375\/2022\/12\/IMG-20221220-WA0005.jpg 2000w, https:\/\/agora.xtec.cat\/inslesvinyescubelles\/wp-content\/uploads\/usu375\/2022\/12\/IMG-20221220-WA0005-300x135.jpg 300w, https:\/\/agora.xtec.cat\/inslesvinyescubelles\/wp-content\/uploads\/usu375\/2022\/12\/IMG-20221220-WA0005-1024x461.jpg 1024w, https:\/\/agora.xtec.cat\/inslesvinyescubelles\/wp-content\/uploads\/usu375\/2022\/12\/IMG-20221220-WA0005-768x346.jpg 768w, https:\/\/agora.xtec.cat\/inslesvinyescubelles\/wp-content\/uploads\/usu375\/2022\/12\/IMG-20221220-WA0005-1536x691.jpg 1536w\" sizes=\"auto, (max-width: 2000px) 100vw, 2000px\" \/><\/a> <a href=\"https:\/\/agora.xtec.cat\/inslesvinyescubelles\/wp-content\/uploads\/usu375\/2022\/12\/IMG-20221220-WA0004.jpg\"><img loading=\"lazy\" decoding=\"async\" class=\"alignleft size-full wp-image-14456\" src=\"https:\/\/agora.xtec.cat\/inslesvinyescubelles\/wp-content\/uploads\/usu375\/2022\/12\/IMG-20221220-WA0004.jpg\" alt=\"\" width=\"2000\" height=\"900\" srcset=\"https:\/\/agora.xtec.cat\/inslesvinyescubelles\/wp-content\/uploads\/usu375\/2022\/12\/IMG-20221220-WA0004.jpg 2000w, https:\/\/agora.xtec.cat\/inslesvinyescubelles\/wp-content\/uploads\/usu375\/2022\/12\/IMG-20221220-WA0004-300x135.jpg 300w, https:\/\/agora.xtec.cat\/inslesvinyescubelles\/wp-content\/uploads\/usu375\/2022\/12\/IMG-20221220-WA0004-1024x461.jpg 1024w, https:\/\/agora.xtec.cat\/inslesvinyescubelles\/wp-content\/uploads\/usu375\/2022\/12\/IMG-20221220-WA0004-768x346.jpg 768w, https:\/\/agora.xtec.cat\/inslesvinyescubelles\/wp-content\/uploads\/usu375\/2022\/12\/IMG-20221220-WA0004-1536x691.jpg 1536w\" sizes=\"auto, (max-width: 2000px) 100vw, 2000px\" \/><\/a> <a href=\"https:\/\/agora.xtec.cat\/inslesvinyescubelles\/wp-content\/uploads\/usu375\/2022\/12\/IMG-20221220-WA0003.jpg\"><img loading=\"lazy\" decoding=\"async\" class=\"alignleft size-full wp-image-14457\" src=\"https:\/\/agora.xtec.cat\/inslesvinyescubelles\/wp-content\/uploads\/usu375\/2022\/12\/IMG-20221220-WA0003.jpg\" alt=\"\" width=\"2048\" height=\"1393\" srcset=\"https:\/\/agora.xtec.cat\/inslesvinyescubelles\/wp-content\/uploads\/usu375\/2022\/12\/IMG-20221220-WA0003.jpg 2048w, https:\/\/agora.xtec.cat\/inslesvinyescubelles\/wp-content\/uploads\/usu375\/2022\/12\/IMG-20221220-WA0003-300x204.jpg 300w, https:\/\/agora.xtec.cat\/inslesvinyescubelles\/wp-content\/uploads\/usu375\/2022\/12\/IMG-20221220-WA0003-1024x697.jpg 1024w, https:\/\/agora.xtec.cat\/inslesvinyescubelles\/wp-content\/uploads\/usu375\/2022\/12\/IMG-20221220-WA0003-768x522.jpg 768w, https:\/\/agora.xtec.cat\/inslesvinyescubelles\/wp-content\/uploads\/usu375\/2022\/12\/IMG-20221220-WA0003-1536x1045.jpg 1536w\" sizes=\"auto, (max-width: 2048px) 100vw, 2048px\" \/><\/a> <a href=\"https:\/\/agora.xtec.cat\/inslesvinyescubelles\/wp-content\/uploads\/usu375\/2022\/12\/IMG-20221220-WA0002.jpg\"><img loading=\"lazy\" decoding=\"async\" class=\"alignleft size-full wp-image-14458\" src=\"https:\/\/agora.xtec.cat\/inslesvinyescubelles\/wp-content\/uploads\/usu375\/2022\/12\/IMG-20221220-WA0002.jpg\" alt=\"\" width=\"2048\" height=\"1250\" srcset=\"https:\/\/agora.xtec.cat\/inslesvinyescubelles\/wp-content\/uploads\/usu375\/2022\/12\/IMG-20221220-WA0002.jpg 2048w, https:\/\/agora.xtec.cat\/inslesvinyescubelles\/wp-content\/uploads\/usu375\/2022\/12\/IMG-20221220-WA0002-300x183.jpg 300w, https:\/\/agora.xtec.cat\/inslesvinyescubelles\/wp-content\/uploads\/usu375\/2022\/12\/IMG-20221220-WA0002-1024x625.jpg 1024w, https:\/\/agora.xtec.cat\/inslesvinyescubelles\/wp-content\/uploads\/usu375\/2022\/12\/IMG-20221220-WA0002-768x469.jpg 768w, https:\/\/agora.xtec.cat\/inslesvinyescubelles\/wp-content\/uploads\/usu375\/2022\/12\/IMG-20221220-WA0002-1536x938.jpg 1536w\" sizes=\"auto, (max-width: 2048px) 100vw, 2048px\" \/><\/a><\/p>\n","protected":false},"excerpt":{"rendered":"<p>Aquesta setmana l&#8217;alumnat de 4t ha treballat el projecte sobre\u00a0Las\u00a0Madres\u00a0de la\u00a0Plaza\u00a0de\u00a0Mayo. Al llarg de\u00a05\u00a0dies han conegut el context social, hist\u00f2ric i cultural de l&#8217;\u00e8poca a trav\u00e9s de pel\u00b7l\u00edcules, textos, testimonis, etc. A m\u00e9s, han debatut sobre els conceptes de democr\u00e0cia i dictadura i han conegut&hellip;  <a href=\"https:\/\/agora.xtec.cat\/inslesvinyescubelles\/general\/projecte-madres-de-la-plaza-de-mayo\/\" title=\"Read Projecte Madres\u00a0de la\u00a0Plaza\u00a0de\u00a0Mayo\">Llegeix m\u00e9s\u00bb<\/a><\/p>\n","protected":false},"author":1,"featured_media":14452,"comment_status":"open","ping_status":"closed","sticky":false,"template":"","format":"standard","meta":{"_bbp_topic_count":0,"_bbp_reply_count":0,"_bbp_total_topic_count":0,"_bbp_total_reply_count":0,"_bbp_voice_count":0,"_bbp_anonymous_reply_count":0,"_bbp_topic_count_hidden":0,"_bbp_reply_count_hidden":0,"_bbp_forum_subforum_count":0,"footnotes":""},"categories":[61,1,29,238],"tags":[],"class_list":["post-14451","post","type-post","status-publish","format-standard","has-post-thumbnail","hentry","category-4-eso1920","category-general","category-portada","category-projectes_i_jornades"],"post_mailing_queue_ids":[],"_links":{"self":[{"href":"https:\/\/agora.xtec.cat\/inslesvinyescubelles\/wp-json\/wp\/v2\/posts\/14451","targetHints":{"allow":["GET"]}}],"collection":[{"href":"https:\/\/agora.xtec.cat\/inslesvinyescubelles\/wp-json\/wp\/v2\/posts"}],"about":[{"href":"https:\/\/agora.xtec.cat\/inslesvinyescubelles\/wp-json\/wp\/v2\/types\/post"}],"author":[{"embeddable":true,"href":"https:\/\/agora.xtec.cat\/inslesvinyescubelles\/wp-json\/wp\/v2\/users\/1"}],"replies":[{"embeddable":true,"href":"https:\/\/agora.xtec.cat\/inslesvinyescubelles\/wp-json\/wp\/v2\/comments?post=14451"}],"version-history":[{"count":1,"href":"https:\/\/agora.xtec.cat\/inslesvinyescubelles\/wp-json\/wp\/v2\/posts\/14451\/revisions"}],"predecessor-version":[{"id":14459,"href":"https:\/\/agora.xtec.cat\/inslesvinyescubelles\/wp-json\/wp\/v2\/posts\/14451\/revisions\/14459"}],"wp:featuredmedia":[{"embeddable":true,"href":"https:\/\/agora.xtec.cat\/inslesvinyescubelles\/wp-json\/wp\/v2\/media\/14452"}],"wp:attachment":[{"href":"https:\/\/agora.xtec.cat\/inslesvinyescubelles\/wp-json\/wp\/v2\/media?parent=14451"}],"wp:term":[{"taxonomy":"category","embeddable":true,"href":"https:\/\/agora.xtec.cat\/inslesvinyescubelles\/wp-json\/wp\/v2\/categories?post=14451"},{"taxonomy":"post_tag","embeddable":true,"href":"https:\/\/agora.xtec.cat\/inslesvinyescubelles\/wp-json\/wp\/v2\/tags?post=14451"}],"curies":[{"name":"wp","href":"https:\/\/api.w.org\/{rel}","templated":true}]}}