{"id":14429,"date":"2022-12-13T09:53:37","date_gmt":"2022-12-13T08:53:37","guid":{"rendered":"https:\/\/agora.xtec.cat\/inslesvinyescubelles\/?p=14429"},"modified":"2022-12-13T09:53:37","modified_gmt":"2022-12-13T08:53:37","slug":"podacast-les-vinyes","status":"publish","type":"post","link":"https:\/\/agora.xtec.cat\/inslesvinyescubelles\/general\/podacast-les-vinyes\/","title":{"rendered":"Podacast Les Vinyes"},"content":{"rendered":"<p>Aqu\u00ed teniu els Podcast que l&#8217;alumnat de 2n ESO ha elaborat amb l&#8217;ajuda de la gent del Projecte La C\u00e0psula. Trobareu informaci\u00f3 i reflexi\u00f3 sobre la publicitat i la moda, la guerra d&#8217;Ucra\u00efna, el medi ambient, la rebel\u00b7li\u00f3 del vel a l&#8217;Iran o l&#8217;exist\u00e8ncia dels vampirs entre altres temes d&#8217;inter\u00e8s. Felicitats futurs periodistes pel contingut creat!<\/p>\n<p>&nbsp;<\/p>\n<p style=\"text-align: center; padding-left: 40px;\"><iframe loading=\"lazy\" src=\"\/\/www.youtube.com\/embed\/GTlVd9zdRwo\" width=\"560\" height=\"314\" allowfullscreen=\"allowfullscreen\"><\/iframe><\/p>\n","protected":false},"excerpt":{"rendered":"<p>Aqu\u00ed teniu els Podcast que l&#8217;alumnat de 2n ESO ha elaborat amb l&#8217;ajuda de la gent del Projecte La C\u00e0psula. Trobareu informaci\u00f3 i reflexi\u00f3 sobre la publicitat i la moda, la guerra d&#8217;Ucra\u00efna, el medi ambient, la rebel\u00b7li\u00f3 del vel a l&#8217;Iran o l&#8217;exist\u00e8ncia dels&hellip;  <a href=\"https:\/\/agora.xtec.cat\/inslesvinyescubelles\/general\/podacast-les-vinyes\/\" title=\"Read Podacast Les Vinyes\">Llegeix m\u00e9s\u00bb<\/a><\/p>\n","protected":false},"author":1,"featured_media":14430,"comment_status":"open","ping_status":"closed","sticky":false,"template":"","format":"standard","meta":{"_bbp_topic_count":0,"_bbp_reply_count":0,"_bbp_total_topic_count":0,"_bbp_total_reply_count":0,"_bbp_voice_count":0,"_bbp_anonymous_reply_count":0,"_bbp_topic_count_hidden":0,"_bbp_reply_count_hidden":0,"_bbp_forum_subforum_count":0,"footnotes":""},"categories":[143,1,29],"tags":[],"class_list":["post-14429","post","type-post","status-publish","format-standard","has-post-thumbnail","hentry","category-2n-eso-2019-20","category-general","category-portada"],"post_mailing_queue_ids":[],"_links":{"self":[{"href":"https:\/\/agora.xtec.cat\/inslesvinyescubelles\/wp-json\/wp\/v2\/posts\/14429","targetHints":{"allow":["GET"]}}],"collection":[{"href":"https:\/\/agora.xtec.cat\/inslesvinyescubelles\/wp-json\/wp\/v2\/posts"}],"about":[{"href":"https:\/\/agora.xtec.cat\/inslesvinyescubelles\/wp-json\/wp\/v2\/types\/post"}],"author":[{"embeddable":true,"href":"https:\/\/agora.xtec.cat\/inslesvinyescubelles\/wp-json\/wp\/v2\/users\/1"}],"replies":[{"embeddable":true,"href":"https:\/\/agora.xtec.cat\/inslesvinyescubelles\/wp-json\/wp\/v2\/comments?post=14429"}],"version-history":[{"count":1,"href":"https:\/\/agora.xtec.cat\/inslesvinyescubelles\/wp-json\/wp\/v2\/posts\/14429\/revisions"}],"predecessor-version":[{"id":14431,"href":"https:\/\/agora.xtec.cat\/inslesvinyescubelles\/wp-json\/wp\/v2\/posts\/14429\/revisions\/14431"}],"wp:featuredmedia":[{"embeddable":true,"href":"https:\/\/agora.xtec.cat\/inslesvinyescubelles\/wp-json\/wp\/v2\/media\/14430"}],"wp:attachment":[{"href":"https:\/\/agora.xtec.cat\/inslesvinyescubelles\/wp-json\/wp\/v2\/media?parent=14429"}],"wp:term":[{"taxonomy":"category","embeddable":true,"href":"https:\/\/agora.xtec.cat\/inslesvinyescubelles\/wp-json\/wp\/v2\/categories?post=14429"},{"taxonomy":"post_tag","embeddable":true,"href":"https:\/\/agora.xtec.cat\/inslesvinyescubelles\/wp-json\/wp\/v2\/tags?post=14429"}],"curies":[{"name":"wp","href":"https:\/\/api.w.org\/{rel}","templated":true}]}}