{"id":14081,"date":"2022-06-17T16:01:09","date_gmt":"2022-06-17T14:01:09","guid":{"rendered":"https:\/\/agora.xtec.cat\/inslesvinyescubelles\/?p=14081"},"modified":"2022-06-17T16:01:09","modified_gmt":"2022-06-17T14:01:09","slug":"2n-premi-al-concurs-biblic-de-catalunya","status":"publish","type":"post","link":"https:\/\/agora.xtec.cat\/inslesvinyescubelles\/general\/2n-premi-al-concurs-biblic-de-catalunya\/","title":{"rendered":"2n premi al Concurs B\u00edblic de Catalunya"},"content":{"rendered":"<p>L\u2019alumna Luna Caicedo de 2n d\u2019ESO A ha quedat segona de la trenta-setena edici\u00f3 del Concurs B\u00edblic de Catalunya en l\u2019\u00e0mbit de la seva categoria (alumnat de 1r i 2n d\u2019ESO) i demarcaci\u00f3 territorial (El Bisbat de Sant Feliu de Llobregat, que inclou les comarques del Garraf, Alt Pened\u00e8s i Baix Llobregat, bona part de la comarca de l\u2019Anoia i alguns municipis del Vall\u00e8s Occidental).<\/p>\n<p>El tema del concurs era la par\u00e0bola del bon samarit\u00e0, que ens permet treballar, entre d`altres aspectes, la import\u00e0ncia de l\u2019ajuda m\u00fatua, l\u2019empatia o una actitud positiva davant la vida.<\/p>\n<p>Moltes felicitats pel premi, que tamb\u00e9 esdev\u00e9 un reconeixement per a l\u2019alumnat del nostre institut que cada curs participa en aquest concurs.<\/p>\n<p>Endavant i el curs que ve a per m\u00e9s.<\/p>\n<p style=\"text-align: left;\"><a href=\"https:\/\/agora.xtec.cat\/inslesvinyescubelles\/wp-content\/uploads\/usu375\/2022\/06\/Screenshot_20220617-155830_Gallery-1.jpg\"><img loading=\"lazy\" decoding=\"async\" class=\"alignleft size-full wp-image-14083\" src=\"https:\/\/agora.xtec.cat\/inslesvinyescubelles\/wp-content\/uploads\/usu375\/2022\/06\/Screenshot_20220617-155830_Gallery-1.jpg\" alt=\"\" width=\"1062\" height=\"1441\" srcset=\"https:\/\/agora.xtec.cat\/inslesvinyescubelles\/wp-content\/uploads\/usu375\/2022\/06\/Screenshot_20220617-155830_Gallery-1.jpg 1062w, https:\/\/agora.xtec.cat\/inslesvinyescubelles\/wp-content\/uploads\/usu375\/2022\/06\/Screenshot_20220617-155830_Gallery-1-221x300.jpg 221w, https:\/\/agora.xtec.cat\/inslesvinyescubelles\/wp-content\/uploads\/usu375\/2022\/06\/Screenshot_20220617-155830_Gallery-1-755x1024.jpg 755w, https:\/\/agora.xtec.cat\/inslesvinyescubelles\/wp-content\/uploads\/usu375\/2022\/06\/Screenshot_20220617-155830_Gallery-1-768x1042.jpg 768w\" sizes=\"auto, (max-width: 1062px) 100vw, 1062px\" \/><\/a><\/p>\n","protected":false},"excerpt":{"rendered":"<p>L\u2019alumna Luna Caicedo de 2n d\u2019ESO A ha quedat segona de la trenta-setena edici\u00f3 del Concurs B\u00edblic de Catalunya en l\u2019\u00e0mbit de la seva categoria (alumnat de 1r i 2n d\u2019ESO) i demarcaci\u00f3 territorial (El Bisbat de Sant Feliu de Llobregat, que inclou les comarques&hellip;  <a href=\"https:\/\/agora.xtec.cat\/inslesvinyescubelles\/general\/2n-premi-al-concurs-biblic-de-catalunya\/\" title=\"Read 2n premi al Concurs B\u00edblic de Catalunya\">Llegeix m\u00e9s\u00bb<\/a><\/p>\n","protected":false},"author":1,"featured_media":14083,"comment_status":"open","ping_status":"closed","sticky":false,"template":"","format":"standard","meta":{"_bbp_topic_count":0,"_bbp_reply_count":0,"_bbp_total_topic_count":0,"_bbp_total_reply_count":0,"_bbp_voice_count":0,"_bbp_anonymous_reply_count":0,"_bbp_topic_count_hidden":0,"_bbp_reply_count_hidden":0,"_bbp_forum_subforum_count":0,"footnotes":""},"categories":[61,77,84,1,29],"tags":[],"class_list":["post-14081","post","type-post","status-publish","format-standard","has-post-thumbnail","hentry","category-4-eso1920","category-eso-4a","category-eso-4b","category-general","category-portada"],"post_mailing_queue_ids":[],"_links":{"self":[{"href":"https:\/\/agora.xtec.cat\/inslesvinyescubelles\/wp-json\/wp\/v2\/posts\/14081","targetHints":{"allow":["GET"]}}],"collection":[{"href":"https:\/\/agora.xtec.cat\/inslesvinyescubelles\/wp-json\/wp\/v2\/posts"}],"about":[{"href":"https:\/\/agora.xtec.cat\/inslesvinyescubelles\/wp-json\/wp\/v2\/types\/post"}],"author":[{"embeddable":true,"href":"https:\/\/agora.xtec.cat\/inslesvinyescubelles\/wp-json\/wp\/v2\/users\/1"}],"replies":[{"embeddable":true,"href":"https:\/\/agora.xtec.cat\/inslesvinyescubelles\/wp-json\/wp\/v2\/comments?post=14081"}],"version-history":[{"count":1,"href":"https:\/\/agora.xtec.cat\/inslesvinyescubelles\/wp-json\/wp\/v2\/posts\/14081\/revisions"}],"predecessor-version":[{"id":14084,"href":"https:\/\/agora.xtec.cat\/inslesvinyescubelles\/wp-json\/wp\/v2\/posts\/14081\/revisions\/14084"}],"wp:featuredmedia":[{"embeddable":true,"href":"https:\/\/agora.xtec.cat\/inslesvinyescubelles\/wp-json\/wp\/v2\/media\/14083"}],"wp:attachment":[{"href":"https:\/\/agora.xtec.cat\/inslesvinyescubelles\/wp-json\/wp\/v2\/media?parent=14081"}],"wp:term":[{"taxonomy":"category","embeddable":true,"href":"https:\/\/agora.xtec.cat\/inslesvinyescubelles\/wp-json\/wp\/v2\/categories?post=14081"},{"taxonomy":"post_tag","embeddable":true,"href":"https:\/\/agora.xtec.cat\/inslesvinyescubelles\/wp-json\/wp\/v2\/tags?post=14081"}],"curies":[{"name":"wp","href":"https:\/\/api.w.org\/{rel}","templated":true}]}}