{"id":13821,"date":"2022-03-22T10:04:10","date_gmt":"2022-03-22T09:04:10","guid":{"rendered":"https:\/\/agora.xtec.cat\/inslesvinyescubelles\/?p=13821"},"modified":"2022-03-22T10:04:10","modified_gmt":"2022-03-22T09:04:10","slug":"a-cive-treballem-la-perspectiva-de-genere","status":"publish","type":"post","link":"https:\/\/agora.xtec.cat\/inslesvinyescubelles\/portada\/a-cive-treballem-la-perspectiva-de-genere\/","title":{"rendered":"A CiVE treballem la perspectiva de g\u00e8nere"},"content":{"rendered":"<p>A cultura i valors de segon ESO, hem treballat aquest segon trimestre la perspectiva de g\u00e8nere, en com les expectatives culturals i familiars generen estereotips i prejudicis i condicionen la vida i les decisions de futur. Ens hem enfocat en l&#8217;\u00e0mbit professional de l&#8217;esport i dels projectes finals que l&#8217;alumnat ha realitzat us fem arribar un exemple: una entrevista feta per l&#8217;alumna Mar\u00eda Mart\u00ednez a una entrenadora de f\u00fatbol.<\/p>\n<p><iframe loading=\"lazy\" title=\"A CiVE treballem la perspectiva de g\u00e8nere\" width=\"500\" height=\"281\" src=\"https:\/\/www.youtube.com\/embed\/_xg7TJzP778?feature=oembed\" frameborder=\"0\" allow=\"accelerometer; autoplay; clipboard-write; encrypted-media; gyroscope; picture-in-picture; web-share\" referrerpolicy=\"strict-origin-when-cross-origin\" allowfullscreen><\/iframe><\/p>\n","protected":false},"excerpt":{"rendered":"<p>A cultura i valors de segon ESO, hem treballat aquest segon trimestre la perspectiva de g\u00e8nere, en com les expectatives culturals i familiars generen estereotips i prejudicis i condicionen la vida i les decisions de futur. Ens hem enfocat en l&#8217;\u00e0mbit professional de l&#8217;esport i&hellip;  <a href=\"https:\/\/agora.xtec.cat\/inslesvinyescubelles\/portada\/a-cive-treballem-la-perspectiva-de-genere\/\" title=\"Read A CiVE treballem la perspectiva de g\u00e8nere\">Llegeix m\u00e9s\u00bb<\/a><\/p>\n","protected":false},"author":1,"featured_media":13822,"comment_status":"open","ping_status":"closed","sticky":false,"template":"","format":"standard","meta":{"_bbp_topic_count":0,"_bbp_reply_count":0,"_bbp_total_topic_count":0,"_bbp_total_reply_count":0,"_bbp_voice_count":0,"_bbp_anonymous_reply_count":0,"_bbp_topic_count_hidden":0,"_bbp_reply_count_hidden":0,"_bbp_forum_subforum_count":0,"footnotes":""},"categories":[143,29],"tags":[],"class_list":["post-13821","post","type-post","status-publish","format-standard","has-post-thumbnail","hentry","category-2n-eso-2019-20","category-portada"],"post_mailing_queue_ids":[],"_links":{"self":[{"href":"https:\/\/agora.xtec.cat\/inslesvinyescubelles\/wp-json\/wp\/v2\/posts\/13821","targetHints":{"allow":["GET"]}}],"collection":[{"href":"https:\/\/agora.xtec.cat\/inslesvinyescubelles\/wp-json\/wp\/v2\/posts"}],"about":[{"href":"https:\/\/agora.xtec.cat\/inslesvinyescubelles\/wp-json\/wp\/v2\/types\/post"}],"author":[{"embeddable":true,"href":"https:\/\/agora.xtec.cat\/inslesvinyescubelles\/wp-json\/wp\/v2\/users\/1"}],"replies":[{"embeddable":true,"href":"https:\/\/agora.xtec.cat\/inslesvinyescubelles\/wp-json\/wp\/v2\/comments?post=13821"}],"version-history":[{"count":1,"href":"https:\/\/agora.xtec.cat\/inslesvinyescubelles\/wp-json\/wp\/v2\/posts\/13821\/revisions"}],"predecessor-version":[{"id":13823,"href":"https:\/\/agora.xtec.cat\/inslesvinyescubelles\/wp-json\/wp\/v2\/posts\/13821\/revisions\/13823"}],"wp:featuredmedia":[{"embeddable":true,"href":"https:\/\/agora.xtec.cat\/inslesvinyescubelles\/wp-json\/wp\/v2\/media\/13822"}],"wp:attachment":[{"href":"https:\/\/agora.xtec.cat\/inslesvinyescubelles\/wp-json\/wp\/v2\/media?parent=13821"}],"wp:term":[{"taxonomy":"category","embeddable":true,"href":"https:\/\/agora.xtec.cat\/inslesvinyescubelles\/wp-json\/wp\/v2\/categories?post=13821"},{"taxonomy":"post_tag","embeddable":true,"href":"https:\/\/agora.xtec.cat\/inslesvinyescubelles\/wp-json\/wp\/v2\/tags?post=13821"}],"curies":[{"name":"wp","href":"https:\/\/api.w.org\/{rel}","templated":true}]}}