{"id":13814,"date":"2022-03-11T09:39:40","date_gmt":"2022-03-11T08:39:40","guid":{"rendered":"https:\/\/agora.xtec.cat\/inslesvinyescubelles\/?p=13814"},"modified":"2022-03-11T09:39:40","modified_gmt":"2022-03-11T08:39:40","slug":"nova-trobada-telematica-amb-els-residents-de-la-residencia-templis","status":"publish","type":"post","link":"https:\/\/agora.xtec.cat\/inslesvinyescubelles\/general\/nova-trobada-telematica-amb-els-residents-de-la-residencia-templis\/","title":{"rendered":"Nova trobada telem\u00e0tica amb els residents de la Resid\u00e8ncia Templis!"},"content":{"rendered":"<p>Dins del servei comunitari el nostre alumnat de 3r ESO continua amb les trobades setmanals amb els avis i \u00e0vies de la Resid\u00e8ncia Templis. Una bona manera d&#8217;establir una comunicaci\u00f3 intergeneracional, aprendre de les viv\u00e8ncies i experi\u00e8ncies dels nostres majors i enriquir la seva vida amb les noves tecnologies. Una experi\u00e8ncia que l&#8217;alumnat i els residents estan gaudint plenament.<\/p>\n<p><a href=\"https:\/\/agora.xtec.cat\/inslesvinyescubelles\/wp-content\/uploads\/usu375\/2022\/03\/Screenshot_20220311-093649_Gallery.jpg\"><img loading=\"lazy\" decoding=\"async\" class=\"alignleft size-full wp-image-13815\" src=\"https:\/\/agora.xtec.cat\/inslesvinyescubelles\/wp-content\/uploads\/usu375\/2022\/03\/Screenshot_20220311-093649_Gallery.jpg\" alt=\"\" width=\"1030\" height=\"587\" srcset=\"https:\/\/agora.xtec.cat\/inslesvinyescubelles\/wp-content\/uploads\/usu375\/2022\/03\/Screenshot_20220311-093649_Gallery.jpg 1030w, https:\/\/agora.xtec.cat\/inslesvinyescubelles\/wp-content\/uploads\/usu375\/2022\/03\/Screenshot_20220311-093649_Gallery-300x171.jpg 300w, https:\/\/agora.xtec.cat\/inslesvinyescubelles\/wp-content\/uploads\/usu375\/2022\/03\/Screenshot_20220311-093649_Gallery-1024x584.jpg 1024w, https:\/\/agora.xtec.cat\/inslesvinyescubelles\/wp-content\/uploads\/usu375\/2022\/03\/Screenshot_20220311-093649_Gallery-768x438.jpg 768w\" sizes=\"auto, (max-width: 1030px) 100vw, 1030px\" \/><\/a> <a href=\"https:\/\/agora.xtec.cat\/inslesvinyescubelles\/wp-content\/uploads\/usu375\/2022\/03\/Screenshot_20220311-093543_Gallery.jpg\"><img loading=\"lazy\" decoding=\"async\" class=\"alignleft size-full wp-image-13816\" src=\"https:\/\/agora.xtec.cat\/inslesvinyescubelles\/wp-content\/uploads\/usu375\/2022\/03\/Screenshot_20220311-093543_Gallery.jpg\" alt=\"\" width=\"975\" height=\"682\" srcset=\"https:\/\/agora.xtec.cat\/inslesvinyescubelles\/wp-content\/uploads\/usu375\/2022\/03\/Screenshot_20220311-093543_Gallery.jpg 975w, https:\/\/agora.xtec.cat\/inslesvinyescubelles\/wp-content\/uploads\/usu375\/2022\/03\/Screenshot_20220311-093543_Gallery-300x210.jpg 300w, https:\/\/agora.xtec.cat\/inslesvinyescubelles\/wp-content\/uploads\/usu375\/2022\/03\/Screenshot_20220311-093543_Gallery-768x537.jpg 768w\" sizes=\"auto, (max-width: 975px) 100vw, 975px\" \/><\/a><\/p>\n<p>&nbsp;<\/p>\n<p>&nbsp;<\/p>\n","protected":false},"excerpt":{"rendered":"<p>Dins del servei comunitari el nostre alumnat de 3r ESO continua amb les trobades setmanals amb els avis i \u00e0vies de la Resid\u00e8ncia Templis. Una bona manera d&#8217;establir una comunicaci\u00f3 intergeneracional, aprendre de les viv\u00e8ncies i experi\u00e8ncies dels nostres majors i enriquir la seva vida&hellip;  <a href=\"https:\/\/agora.xtec.cat\/inslesvinyescubelles\/general\/nova-trobada-telematica-amb-els-residents-de-la-residencia-templis\/\" title=\"Read Nova trobada telem\u00e0tica amb els residents de la Resid\u00e8ncia Templis!\">Llegeix m\u00e9s\u00bb<\/a><\/p>\n","protected":false},"author":1,"featured_media":13816,"comment_status":"open","ping_status":"closed","sticky":false,"template":"","format":"standard","meta":{"_bbp_topic_count":0,"_bbp_reply_count":0,"_bbp_total_topic_count":0,"_bbp_total_reply_count":0,"_bbp_voice_count":0,"_bbp_anonymous_reply_count":0,"_bbp_topic_count_hidden":0,"_bbp_reply_count_hidden":0,"_bbp_forum_subforum_count":0,"footnotes":""},"categories":[76,1,29,238],"tags":[],"class_list":["post-13814","post","type-post","status-publish","format-standard","has-post-thumbnail","hentry","category-3r-eso1920","category-general","category-portada","category-projectes_i_jornades"],"post_mailing_queue_ids":[],"_links":{"self":[{"href":"https:\/\/agora.xtec.cat\/inslesvinyescubelles\/wp-json\/wp\/v2\/posts\/13814","targetHints":{"allow":["GET"]}}],"collection":[{"href":"https:\/\/agora.xtec.cat\/inslesvinyescubelles\/wp-json\/wp\/v2\/posts"}],"about":[{"href":"https:\/\/agora.xtec.cat\/inslesvinyescubelles\/wp-json\/wp\/v2\/types\/post"}],"author":[{"embeddable":true,"href":"https:\/\/agora.xtec.cat\/inslesvinyescubelles\/wp-json\/wp\/v2\/users\/1"}],"replies":[{"embeddable":true,"href":"https:\/\/agora.xtec.cat\/inslesvinyescubelles\/wp-json\/wp\/v2\/comments?post=13814"}],"version-history":[{"count":1,"href":"https:\/\/agora.xtec.cat\/inslesvinyescubelles\/wp-json\/wp\/v2\/posts\/13814\/revisions"}],"predecessor-version":[{"id":13817,"href":"https:\/\/agora.xtec.cat\/inslesvinyescubelles\/wp-json\/wp\/v2\/posts\/13814\/revisions\/13817"}],"wp:featuredmedia":[{"embeddable":true,"href":"https:\/\/agora.xtec.cat\/inslesvinyescubelles\/wp-json\/wp\/v2\/media\/13816"}],"wp:attachment":[{"href":"https:\/\/agora.xtec.cat\/inslesvinyescubelles\/wp-json\/wp\/v2\/media?parent=13814"}],"wp:term":[{"taxonomy":"category","embeddable":true,"href":"https:\/\/agora.xtec.cat\/inslesvinyescubelles\/wp-json\/wp\/v2\/categories?post=13814"},{"taxonomy":"post_tag","embeddable":true,"href":"https:\/\/agora.xtec.cat\/inslesvinyescubelles\/wp-json\/wp\/v2\/tags?post=13814"}],"curies":[{"name":"wp","href":"https:\/\/api.w.org\/{rel}","templated":true}]}}