{"id":13746,"date":"2022-03-02T10:02:48","date_gmt":"2022-03-02T09:02:48","guid":{"rendered":"https:\/\/agora.xtec.cat\/inslesvinyescubelles\/?p=13746"},"modified":"2022-03-02T10:03:17","modified_gmt":"2022-03-02T09:03:17","slug":"concurs-de-lectura-en-veu-alta","status":"publish","type":"post","link":"https:\/\/agora.xtec.cat\/inslesvinyescubelles\/general\/concurs-de-lectura-en-veu-alta\/","title":{"rendered":"Concurs de lectura en veu alta"},"content":{"rendered":"<div class=\" qF0y9 Igw0E IwRSH eGOV_ _4EzTm ItkAi \"><\/div>\n<p class=\"MOdxS \"><span class=\"_7UhW9 xLCgt MMzan KV-D4 se6yk T0kll \">La setmana passada, a la biblioteca de l&#8217;INS Les Vinyes, es va fer la preparaci\u00f3 pel concurs de lectura en veu alta amb els candidats i candidates que es van presentar. Estem molt satisfets amb l&#8217;inter\u00e8s mostrat i amb l&#8217;\u00e8xit de la convocat\u00f2ria!\ud83d\udcd4\ud83d\udcd4<\/span><a href=\"https:\/\/agora.xtec.cat\/inslesvinyescubelles\/wp-content\/uploads\/usu375\/2022\/03\/IMG20220223112236.jpg\"><img loading=\"lazy\" decoding=\"async\" class=\"alignleft size-full wp-image-13747\" src=\"https:\/\/agora.xtec.cat\/inslesvinyescubelles\/wp-content\/uploads\/usu375\/2022\/03\/IMG20220223112236.jpg\" alt=\"\" width=\"2040\" height=\"1536\" srcset=\"https:\/\/agora.xtec.cat\/inslesvinyescubelles\/wp-content\/uploads\/usu375\/2022\/03\/IMG20220223112236.jpg 2040w, https:\/\/agora.xtec.cat\/inslesvinyescubelles\/wp-content\/uploads\/usu375\/2022\/03\/IMG20220223112236-300x226.jpg 300w, https:\/\/agora.xtec.cat\/inslesvinyescubelles\/wp-content\/uploads\/usu375\/2022\/03\/IMG20220223112236-1024x771.jpg 1024w, https:\/\/agora.xtec.cat\/inslesvinyescubelles\/wp-content\/uploads\/usu375\/2022\/03\/IMG20220223112236-768x578.jpg 768w, https:\/\/agora.xtec.cat\/inslesvinyescubelles\/wp-content\/uploads\/usu375\/2022\/03\/IMG20220223112236-1536x1157.jpg 1536w, https:\/\/agora.xtec.cat\/inslesvinyescubelles\/wp-content\/uploads\/usu375\/2022\/03\/IMG20220223112236-200x150.jpg 200w\" sizes=\"auto, (max-width: 2040px) 100vw, 2040px\" \/><\/a> <a href=\"https:\/\/agora.xtec.cat\/inslesvinyescubelles\/wp-content\/uploads\/usu375\/2022\/03\/IMG20220223113613.jpg\"><img loading=\"lazy\" decoding=\"async\" class=\"alignleft size-full wp-image-13749\" src=\"https:\/\/agora.xtec.cat\/inslesvinyescubelles\/wp-content\/uploads\/usu375\/2022\/03\/IMG20220223113613.jpg\" alt=\"\" width=\"2040\" height=\"1536\" srcset=\"https:\/\/agora.xtec.cat\/inslesvinyescubelles\/wp-content\/uploads\/usu375\/2022\/03\/IMG20220223113613.jpg 2040w, https:\/\/agora.xtec.cat\/inslesvinyescubelles\/wp-content\/uploads\/usu375\/2022\/03\/IMG20220223113613-300x226.jpg 300w, https:\/\/agora.xtec.cat\/inslesvinyescubelles\/wp-content\/uploads\/usu375\/2022\/03\/IMG20220223113613-1024x771.jpg 1024w, https:\/\/agora.xtec.cat\/inslesvinyescubelles\/wp-content\/uploads\/usu375\/2022\/03\/IMG20220223113613-768x578.jpg 768w, https:\/\/agora.xtec.cat\/inslesvinyescubelles\/wp-content\/uploads\/usu375\/2022\/03\/IMG20220223113613-1536x1157.jpg 1536w, https:\/\/agora.xtec.cat\/inslesvinyescubelles\/wp-content\/uploads\/usu375\/2022\/03\/IMG20220223113613-200x150.jpg 200w\" sizes=\"auto, (max-width: 2040px) 100vw, 2040px\" \/><\/a> <a href=\"https:\/\/agora.xtec.cat\/inslesvinyescubelles\/wp-content\/uploads\/usu375\/2022\/03\/IMG20220223113744.jpg\"><img loading=\"lazy\" decoding=\"async\" class=\"alignleft size-full wp-image-13750\" src=\"https:\/\/agora.xtec.cat\/inslesvinyescubelles\/wp-content\/uploads\/usu375\/2022\/03\/IMG20220223113744.jpg\" alt=\"\" width=\"2040\" height=\"1536\" srcset=\"https:\/\/agora.xtec.cat\/inslesvinyescubelles\/wp-content\/uploads\/usu375\/2022\/03\/IMG20220223113744.jpg 2040w, https:\/\/agora.xtec.cat\/inslesvinyescubelles\/wp-content\/uploads\/usu375\/2022\/03\/IMG20220223113744-300x226.jpg 300w, https:\/\/agora.xtec.cat\/inslesvinyescubelles\/wp-content\/uploads\/usu375\/2022\/03\/IMG20220223113744-1024x771.jpg 1024w, https:\/\/agora.xtec.cat\/inslesvinyescubelles\/wp-content\/uploads\/usu375\/2022\/03\/IMG20220223113744-768x578.jpg 768w, https:\/\/agora.xtec.cat\/inslesvinyescubelles\/wp-content\/uploads\/usu375\/2022\/03\/IMG20220223113744-1536x1157.jpg 1536w, https:\/\/agora.xtec.cat\/inslesvinyescubelles\/wp-content\/uploads\/usu375\/2022\/03\/IMG20220223113744-200x150.jpg 200w\" sizes=\"auto, (max-width: 2040px) 100vw, 2040px\" \/><\/a><\/p>\n","protected":false},"excerpt":{"rendered":"<p>La setmana passada, a la biblioteca de l&#8217;INS Les Vinyes, es va fer la preparaci\u00f3 pel concurs de lectura en veu alta amb els candidats i candidates que es van presentar. Estem molt satisfets amb l&#8217;inter\u00e8s mostrat i amb l&#8217;\u00e8xit de la convocat\u00f2ria!\ud83d\udcd4\ud83d\udcd4<a href=\"https:\/\/agora.xtec.cat\/inslesvinyescubelles\/wp-content\/uploads\/usu375\/2022\/03\/IMG20220223112236.jpg\"><\/a> <a&hellip;  <a href=\"https:\/\/agora.xtec.cat\/inslesvinyescubelles\/general\/concurs-de-lectura-en-veu-alta\/\" title=\"Read Concurs de lectura en veu alta\">Llegeix m\u00e9s\u00bb<\/a><\/p>\n","protected":false},"author":1,"featured_media":13750,"comment_status":"open","ping_status":"closed","sticky":false,"template":"","format":"standard","meta":{"_bbp_topic_count":0,"_bbp_reply_count":0,"_bbp_total_topic_count":0,"_bbp_total_reply_count":0,"_bbp_voice_count":0,"_bbp_anonymous_reply_count":0,"_bbp_topic_count_hidden":0,"_bbp_reply_count_hidden":0,"_bbp_forum_subforum_count":0,"footnotes":""},"categories":[235,143,76,61,1,29],"tags":[],"class_list":["post-13746","post","type-post","status-publish","format-standard","has-post-thumbnail","hentry","category-1r-eso-2019-20","category-2n-eso-2019-20","category-3r-eso1920","category-4-eso1920","category-general","category-portada"],"post_mailing_queue_ids":[],"_links":{"self":[{"href":"https:\/\/agora.xtec.cat\/inslesvinyescubelles\/wp-json\/wp\/v2\/posts\/13746","targetHints":{"allow":["GET"]}}],"collection":[{"href":"https:\/\/agora.xtec.cat\/inslesvinyescubelles\/wp-json\/wp\/v2\/posts"}],"about":[{"href":"https:\/\/agora.xtec.cat\/inslesvinyescubelles\/wp-json\/wp\/v2\/types\/post"}],"author":[{"embeddable":true,"href":"https:\/\/agora.xtec.cat\/inslesvinyescubelles\/wp-json\/wp\/v2\/users\/1"}],"replies":[{"embeddable":true,"href":"https:\/\/agora.xtec.cat\/inslesvinyescubelles\/wp-json\/wp\/v2\/comments?post=13746"}],"version-history":[{"count":1,"href":"https:\/\/agora.xtec.cat\/inslesvinyescubelles\/wp-json\/wp\/v2\/posts\/13746\/revisions"}],"predecessor-version":[{"id":13751,"href":"https:\/\/agora.xtec.cat\/inslesvinyescubelles\/wp-json\/wp\/v2\/posts\/13746\/revisions\/13751"}],"wp:featuredmedia":[{"embeddable":true,"href":"https:\/\/agora.xtec.cat\/inslesvinyescubelles\/wp-json\/wp\/v2\/media\/13750"}],"wp:attachment":[{"href":"https:\/\/agora.xtec.cat\/inslesvinyescubelles\/wp-json\/wp\/v2\/media?parent=13746"}],"wp:term":[{"taxonomy":"category","embeddable":true,"href":"https:\/\/agora.xtec.cat\/inslesvinyescubelles\/wp-json\/wp\/v2\/categories?post=13746"},{"taxonomy":"post_tag","embeddable":true,"href":"https:\/\/agora.xtec.cat\/inslesvinyescubelles\/wp-json\/wp\/v2\/tags?post=13746"}],"curies":[{"name":"wp","href":"https:\/\/api.w.org\/{rel}","templated":true}]}}