{"id":1371,"date":"2016-02-15T19:17:15","date_gmt":"2016-02-15T18:17:15","guid":{"rendered":"http:\/\/agora.xtec.cat\/inslesvinyescubelles\/?p=1371"},"modified":"2016-02-15T19:17:15","modified_gmt":"2016-02-15T18:17:15","slug":"cartoons","status":"publish","type":"post","link":"https:\/\/agora.xtec.cat\/inslesvinyescubelles\/4-eso1920\/cartoons\/","title":{"rendered":"Cartoons"},"content":{"rendered":"<p>&nbsp;<\/p>\n<p><span class=\"Apple-style-span\" style=\"line-height: 16px;\"><img loading=\"lazy\" decoding=\"async\" class=\"  wp-image-1375 aligncenter\" src=\"http:\/\/agora.xtec.cat\/inslesvinyescubelles\/wp-content\/uploads\/usu375\/2016\/02\/Infographic-1st-ESO-2-1-303x1024.png\" alt=\"Infographic 1st ESO (2) (1)\" width=\"342\" height=\"1156\" srcset=\"https:\/\/agora.xtec.cat\/inslesvinyescubelles\/wp-content\/uploads\/usu375\/2016\/02\/Infographic-1st-ESO-2-1-303x1024.png 303w, https:\/\/agora.xtec.cat\/inslesvinyescubelles\/wp-content\/uploads\/usu375\/2016\/02\/Infographic-1st-ESO-2-1-89x300.png 89w, https:\/\/agora.xtec.cat\/inslesvinyescubelles\/wp-content\/uploads\/usu375\/2016\/02\/Infographic-1st-ESO-2-1.png 587w\" sizes=\"auto, (max-width: 342px) 100vw, 342px\" \/><span class=\"Apple-style-span\" style=\"line-height: 25px;\"><span class=\"Apple-style-span\">Per a molts alumnes,&#8221; Engli<\/span>h is a drama&#8221;&#8230; \u00a0Pensant i pensant, vaig arribar a la conclusi\u00f3 de \u00a0que, potser, amb aquesta activitat elsalumnes podrien treballar l&#8217;expressi\u00f3 oral des d&#8217;un altra perspectiva. Parlar dels personatges que ens agraden, \u00e9s sempre una cosa divertida ja que volem expressar tot el que aquests ens fan sentir amb les seves perip\u00e8cies&#8230; i els alumnes de primer ho van fer &#8221; extremely good&#8221; !\u00a0 \ud83d\ude1b<\/span><\/span><\/p>\n<p>&nbsp;<\/p>\n","protected":false},"excerpt":{"rendered":"<p>&nbsp;<br \/>\nPer a molts alumnes,&#8221; Englih is a drama&#8221;&#8230; \u00a0Pensant i pensant, vaig arribar a la conclusi\u00f3 de \u00a0que, potser, amb aquesta activitat elsalumnes podrien treballar l&#8217;expressi\u00f3 oral des d&#8217;un altra perspectiva. Parlar dels personatges que ens agraden, \u00e9s sempre una cosa divertida ja que volem&hellip;  <a href=\"https:\/\/agora.xtec.cat\/inslesvinyescubelles\/4-eso1920\/cartoons\/\" title=\"Read Cartoons\">Llegeix m\u00e9s\u00bb<\/a><\/p>\n","protected":false},"author":1,"featured_media":1375,"comment_status":"open","ping_status":"open","sticky":false,"template":"","format":"standard","meta":{"_bbp_topic_count":0,"_bbp_reply_count":0,"_bbp_total_topic_count":0,"_bbp_total_reply_count":0,"_bbp_voice_count":0,"_bbp_anonymous_reply_count":0,"_bbp_topic_count_hidden":0,"_bbp_reply_count_hidden":0,"_bbp_forum_subforum_count":0,"footnotes":""},"categories":[61],"tags":[],"class_list":["post-1371","post","type-post","status-publish","format-standard","has-post-thumbnail","hentry","category-4-eso1920"],"post_mailing_queue_ids":[],"_links":{"self":[{"href":"https:\/\/agora.xtec.cat\/inslesvinyescubelles\/wp-json\/wp\/v2\/posts\/1371","targetHints":{"allow":["GET"]}}],"collection":[{"href":"https:\/\/agora.xtec.cat\/inslesvinyescubelles\/wp-json\/wp\/v2\/posts"}],"about":[{"href":"https:\/\/agora.xtec.cat\/inslesvinyescubelles\/wp-json\/wp\/v2\/types\/post"}],"author":[{"embeddable":true,"href":"https:\/\/agora.xtec.cat\/inslesvinyescubelles\/wp-json\/wp\/v2\/users\/1"}],"replies":[{"embeddable":true,"href":"https:\/\/agora.xtec.cat\/inslesvinyescubelles\/wp-json\/wp\/v2\/comments?post=1371"}],"version-history":[{"count":3,"href":"https:\/\/agora.xtec.cat\/inslesvinyescubelles\/wp-json\/wp\/v2\/posts\/1371\/revisions"}],"predecessor-version":[{"id":1386,"href":"https:\/\/agora.xtec.cat\/inslesvinyescubelles\/wp-json\/wp\/v2\/posts\/1371\/revisions\/1386"}],"wp:featuredmedia":[{"embeddable":true,"href":"https:\/\/agora.xtec.cat\/inslesvinyescubelles\/wp-json\/wp\/v2\/media\/1375"}],"wp:attachment":[{"href":"https:\/\/agora.xtec.cat\/inslesvinyescubelles\/wp-json\/wp\/v2\/media?parent=1371"}],"wp:term":[{"taxonomy":"category","embeddable":true,"href":"https:\/\/agora.xtec.cat\/inslesvinyescubelles\/wp-json\/wp\/v2\/categories?post=1371"},{"taxonomy":"post_tag","embeddable":true,"href":"https:\/\/agora.xtec.cat\/inslesvinyescubelles\/wp-json\/wp\/v2\/tags?post=1371"}],"curies":[{"name":"wp","href":"https:\/\/api.w.org\/{rel}","templated":true}]}}