{"id":13506,"date":"2021-11-29T18:06:28","date_gmt":"2021-11-29T17:06:28","guid":{"rendered":"https:\/\/agora.xtec.cat\/inslesvinyescubelles\/?p=13506"},"modified":"2021-11-29T18:06:51","modified_gmt":"2021-11-29T17:06:51","slug":"alumnat-consell-escolar","status":"publish","type":"post","link":"https:\/\/agora.xtec.cat\/inslesvinyescubelles\/general\/alumnat-consell-escolar\/","title":{"rendered":"Alumnat Consell Escolar"},"content":{"rendered":"<p>Durant la setmana passada es van dur a terme les eleccions al Consell Escolar per tal de renovar els representants del sector fam\u00edlies, professorat i alumnat. Gr\u00e0cies a tot l&#8217;alumnat que ha participat en les votacions, especialment a l&#8217;Erik Pi\u00f1ero i a la Paula Montemayor que han actuat com a vocal i secret\u00e0ria de la mesa electoral. Enhorabona a tots els que heu presentat la vostra candidatura i enhorabona als dos candidats amb m\u00e9s vots obtinguts. Donem la benvinguda com a representants de l&#8217;alumnat al Consell Escolar a:<br \/>\n<span style=\"color: #008080;\"><strong>&#8211; Yi Hao Jiang<\/strong><\/span><br \/>\n<span style=\"color: #008080;\"><strong>&#8211; Hugo Fern\u00e1ndez<\/strong><\/span><\/p>\n<p><a href=\"https:\/\/agora.xtec.cat\/inslesvinyescubelles\/wp-content\/uploads\/usu375\/2021\/11\/IMG_20211126_162515_666-scaled.jpg\"><img loading=\"lazy\" decoding=\"async\" class=\"alignleft size-full wp-image-13505\" src=\"https:\/\/agora.xtec.cat\/inslesvinyescubelles\/wp-content\/uploads\/usu375\/2021\/11\/IMG_20211126_162515_666-scaled.jpg\" alt=\"\" width=\"2560\" height=\"1510\" srcset=\"https:\/\/agora.xtec.cat\/inslesvinyescubelles\/wp-content\/uploads\/usu375\/2021\/11\/IMG_20211126_162515_666-scaled.jpg 2560w, https:\/\/agora.xtec.cat\/inslesvinyescubelles\/wp-content\/uploads\/usu375\/2021\/11\/IMG_20211126_162515_666-300x177.jpg 300w, https:\/\/agora.xtec.cat\/inslesvinyescubelles\/wp-content\/uploads\/usu375\/2021\/11\/IMG_20211126_162515_666-1024x604.jpg 1024w, https:\/\/agora.xtec.cat\/inslesvinyescubelles\/wp-content\/uploads\/usu375\/2021\/11\/IMG_20211126_162515_666-768x453.jpg 768w, https:\/\/agora.xtec.cat\/inslesvinyescubelles\/wp-content\/uploads\/usu375\/2021\/11\/IMG_20211126_162515_666-1536x906.jpg 1536w, https:\/\/agora.xtec.cat\/inslesvinyescubelles\/wp-content\/uploads\/usu375\/2021\/11\/IMG_20211126_162515_666-2048x1208.jpg 2048w\" sizes=\"auto, (max-width: 2560px) 100vw, 2560px\" \/><\/a><\/p>\n","protected":false},"excerpt":{"rendered":"<p>Durant la setmana passada es van dur a terme les eleccions al Consell Escolar per tal de renovar els representants del sector fam\u00edlies, professorat i alumnat. Gr\u00e0cies a tot l&#8217;alumnat que ha participat en les votacions, especialment a l&#8217;Erik Pi\u00f1ero i a la Paula Montemayor&hellip;  <a href=\"https:\/\/agora.xtec.cat\/inslesvinyescubelles\/general\/alumnat-consell-escolar\/\" title=\"Read Alumnat Consell Escolar\">Llegeix m\u00e9s\u00bb<\/a><\/p>\n","protected":false},"author":1,"featured_media":13505,"comment_status":"open","ping_status":"closed","sticky":false,"template":"","format":"standard","meta":{"_bbp_topic_count":0,"_bbp_reply_count":0,"_bbp_total_topic_count":0,"_bbp_total_reply_count":0,"_bbp_voice_count":0,"_bbp_anonymous_reply_count":0,"_bbp_topic_count_hidden":0,"_bbp_reply_count_hidden":0,"_bbp_forum_subforum_count":0,"footnotes":""},"categories":[235,143,76,61,1,29],"tags":[],"class_list":["post-13506","post","type-post","status-publish","format-standard","has-post-thumbnail","hentry","category-1r-eso-2019-20","category-2n-eso-2019-20","category-3r-eso1920","category-4-eso1920","category-general","category-portada"],"post_mailing_queue_ids":[],"_links":{"self":[{"href":"https:\/\/agora.xtec.cat\/inslesvinyescubelles\/wp-json\/wp\/v2\/posts\/13506","targetHints":{"allow":["GET"]}}],"collection":[{"href":"https:\/\/agora.xtec.cat\/inslesvinyescubelles\/wp-json\/wp\/v2\/posts"}],"about":[{"href":"https:\/\/agora.xtec.cat\/inslesvinyescubelles\/wp-json\/wp\/v2\/types\/post"}],"author":[{"embeddable":true,"href":"https:\/\/agora.xtec.cat\/inslesvinyescubelles\/wp-json\/wp\/v2\/users\/1"}],"replies":[{"embeddable":true,"href":"https:\/\/agora.xtec.cat\/inslesvinyescubelles\/wp-json\/wp\/v2\/comments?post=13506"}],"version-history":[{"count":3,"href":"https:\/\/agora.xtec.cat\/inslesvinyescubelles\/wp-json\/wp\/v2\/posts\/13506\/revisions"}],"predecessor-version":[{"id":13509,"href":"https:\/\/agora.xtec.cat\/inslesvinyescubelles\/wp-json\/wp\/v2\/posts\/13506\/revisions\/13509"}],"wp:featuredmedia":[{"embeddable":true,"href":"https:\/\/agora.xtec.cat\/inslesvinyescubelles\/wp-json\/wp\/v2\/media\/13505"}],"wp:attachment":[{"href":"https:\/\/agora.xtec.cat\/inslesvinyescubelles\/wp-json\/wp\/v2\/media?parent=13506"}],"wp:term":[{"taxonomy":"category","embeddable":true,"href":"https:\/\/agora.xtec.cat\/inslesvinyescubelles\/wp-json\/wp\/v2\/categories?post=13506"},{"taxonomy":"post_tag","embeddable":true,"href":"https:\/\/agora.xtec.cat\/inslesvinyescubelles\/wp-json\/wp\/v2\/tags?post=13506"}],"curies":[{"name":"wp","href":"https:\/\/api.w.org\/{rel}","templated":true}]}}