{"id":13465,"date":"2021-11-16T14:12:26","date_gmt":"2021-11-16T13:12:26","guid":{"rendered":"https:\/\/agora.xtec.cat\/inslesvinyescubelles\/?p=13465"},"modified":"2021-11-16T14:15:05","modified_gmt":"2021-11-16T13:15:05","slug":"sortida-a-la-vila-de-cubelles","status":"publish","type":"post","link":"https:\/\/agora.xtec.cat\/inslesvinyescubelles\/general\/sortida-a-la-vila-de-cubelles\/","title":{"rendered":"Sortida a la Vila de Cubelles"},"content":{"rendered":"<p>Les primeres not\u00edcies escrites sobre el terme Cubelles pertanyen al segle X i la primera refer\u00e8ncia escrita sobre el castell de la nostra vila pertany al 1041. Els alumnes de 2n, dintre de l\u2019estudi de l\u2019edat mitjana que portem a terme des de la mat\u00e8ria de socials, han pogut visitar-lo i gaudir en primera persona dels grafitis trobats a les seves parets. L\u2019itinerari per la vila ens ha portat tamb\u00e9 als safareigs i a fer una passejada rom\u00e0ntica pels jardins de can Trav\u00e9. Ha sigut un mat\u00ed diferent, ple d\u2019an\u00e8cdotes i hist\u00f2ries del nostre passat.<\/p>\n<p>&nbsp;<\/p>\n<p><a href=\"https:\/\/agora.xtec.cat\/inslesvinyescubelles\/wp-content\/uploads\/usu375\/2021\/11\/256737227_403705864751997_4024547520773604790_n.jpg\"><img loading=\"lazy\" decoding=\"async\" class=\"size-full wp-image-13466 aligncenter\" src=\"https:\/\/agora.xtec.cat\/inslesvinyescubelles\/wp-content\/uploads\/usu375\/2021\/11\/256737227_403705864751997_4024547520773604790_n.jpg\" alt=\"\" width=\"1080\" height=\"1080\" srcset=\"https:\/\/agora.xtec.cat\/inslesvinyescubelles\/wp-content\/uploads\/usu375\/2021\/11\/256737227_403705864751997_4024547520773604790_n.jpg 1080w, https:\/\/agora.xtec.cat\/inslesvinyescubelles\/wp-content\/uploads\/usu375\/2021\/11\/256737227_403705864751997_4024547520773604790_n-300x300.jpg 300w, https:\/\/agora.xtec.cat\/inslesvinyescubelles\/wp-content\/uploads\/usu375\/2021\/11\/256737227_403705864751997_4024547520773604790_n-1024x1024.jpg 1024w, https:\/\/agora.xtec.cat\/inslesvinyescubelles\/wp-content\/uploads\/usu375\/2021\/11\/256737227_403705864751997_4024547520773604790_n-150x150.jpg 150w, https:\/\/agora.xtec.cat\/inslesvinyescubelles\/wp-content\/uploads\/usu375\/2021\/11\/256737227_403705864751997_4024547520773604790_n-768x768.jpg 768w\" sizes=\"auto, (max-width: 1080px) 100vw, 1080px\" \/><\/a> <a href=\"https:\/\/agora.xtec.cat\/inslesvinyescubelles\/wp-content\/uploads\/usu375\/2021\/11\/257148151_144450237919386_765827733635338856_n.jpg\"><img loading=\"lazy\" decoding=\"async\" class=\"size-full wp-image-13467 aligncenter\" src=\"https:\/\/agora.xtec.cat\/inslesvinyescubelles\/wp-content\/uploads\/usu375\/2021\/11\/257148151_144450237919386_765827733635338856_n.jpg\" alt=\"\" width=\"1080\" height=\"1080\" srcset=\"https:\/\/agora.xtec.cat\/inslesvinyescubelles\/wp-content\/uploads\/usu375\/2021\/11\/257148151_144450237919386_765827733635338856_n.jpg 1080w, https:\/\/agora.xtec.cat\/inslesvinyescubelles\/wp-content\/uploads\/usu375\/2021\/11\/257148151_144450237919386_765827733635338856_n-300x300.jpg 300w, https:\/\/agora.xtec.cat\/inslesvinyescubelles\/wp-content\/uploads\/usu375\/2021\/11\/257148151_144450237919386_765827733635338856_n-1024x1024.jpg 1024w, https:\/\/agora.xtec.cat\/inslesvinyescubelles\/wp-content\/uploads\/usu375\/2021\/11\/257148151_144450237919386_765827733635338856_n-150x150.jpg 150w, https:\/\/agora.xtec.cat\/inslesvinyescubelles\/wp-content\/uploads\/usu375\/2021\/11\/257148151_144450237919386_765827733635338856_n-768x768.jpg 768w\" sizes=\"auto, (max-width: 1080px) 100vw, 1080px\" \/><\/a><a href=\"https:\/\/agora.xtec.cat\/inslesvinyescubelles\/wp-content\/uploads\/usu375\/2021\/11\/257209117_307066194391707_430669486731950548_n.jpg\"><img loading=\"lazy\" decoding=\"async\" class=\"size-full wp-image-13468 aligncenter\" src=\"https:\/\/agora.xtec.cat\/inslesvinyescubelles\/wp-content\/uploads\/usu375\/2021\/11\/257209117_307066194391707_430669486731950548_n.jpg\" alt=\"\" width=\"640\" height=\"640\" srcset=\"https:\/\/agora.xtec.cat\/inslesvinyescubelles\/wp-content\/uploads\/usu375\/2021\/11\/257209117_307066194391707_430669486731950548_n.jpg 640w, https:\/\/agora.xtec.cat\/inslesvinyescubelles\/wp-content\/uploads\/usu375\/2021\/11\/257209117_307066194391707_430669486731950548_n-300x300.jpg 300w, https:\/\/agora.xtec.cat\/inslesvinyescubelles\/wp-content\/uploads\/usu375\/2021\/11\/257209117_307066194391707_430669486731950548_n-150x150.jpg 150w\" sizes=\"auto, (max-width: 640px) 100vw, 640px\" \/><\/a><\/p>\n","protected":false},"excerpt":{"rendered":"<p>Les primeres not\u00edcies escrites sobre el terme Cubelles pertanyen al segle X i la primera refer\u00e8ncia escrita sobre el castell de la nostra vila pertany al 1041. Els alumnes de 2n, dintre de l\u2019estudi de l\u2019edat mitjana que portem a terme des de la mat\u00e8ria&hellip;  <a href=\"https:\/\/agora.xtec.cat\/inslesvinyescubelles\/general\/sortida-a-la-vila-de-cubelles\/\" title=\"Read Sortida a la Vila de Cubelles\">Llegeix m\u00e9s\u00bb<\/a><\/p>\n","protected":false},"author":1,"featured_media":13467,"comment_status":"open","ping_status":"closed","sticky":false,"template":"","format":"standard","meta":{"_bbp_topic_count":0,"_bbp_reply_count":0,"_bbp_total_topic_count":0,"_bbp_total_reply_count":0,"_bbp_voice_count":0,"_bbp_anonymous_reply_count":0,"_bbp_topic_count_hidden":0,"_bbp_reply_count_hidden":0,"_bbp_forum_subforum_count":0,"footnotes":""},"categories":[143,1,29],"tags":[],"class_list":["post-13465","post","type-post","status-publish","format-standard","has-post-thumbnail","hentry","category-2n-eso-2019-20","category-general","category-portada"],"post_mailing_queue_ids":[],"_links":{"self":[{"href":"https:\/\/agora.xtec.cat\/inslesvinyescubelles\/wp-json\/wp\/v2\/posts\/13465","targetHints":{"allow":["GET"]}}],"collection":[{"href":"https:\/\/agora.xtec.cat\/inslesvinyescubelles\/wp-json\/wp\/v2\/posts"}],"about":[{"href":"https:\/\/agora.xtec.cat\/inslesvinyescubelles\/wp-json\/wp\/v2\/types\/post"}],"author":[{"embeddable":true,"href":"https:\/\/agora.xtec.cat\/inslesvinyescubelles\/wp-json\/wp\/v2\/users\/1"}],"replies":[{"embeddable":true,"href":"https:\/\/agora.xtec.cat\/inslesvinyescubelles\/wp-json\/wp\/v2\/comments?post=13465"}],"version-history":[{"count":2,"href":"https:\/\/agora.xtec.cat\/inslesvinyescubelles\/wp-json\/wp\/v2\/posts\/13465\/revisions"}],"predecessor-version":[{"id":13470,"href":"https:\/\/agora.xtec.cat\/inslesvinyescubelles\/wp-json\/wp\/v2\/posts\/13465\/revisions\/13470"}],"wp:featuredmedia":[{"embeddable":true,"href":"https:\/\/agora.xtec.cat\/inslesvinyescubelles\/wp-json\/wp\/v2\/media\/13467"}],"wp:attachment":[{"href":"https:\/\/agora.xtec.cat\/inslesvinyescubelles\/wp-json\/wp\/v2\/media?parent=13465"}],"wp:term":[{"taxonomy":"category","embeddable":true,"href":"https:\/\/agora.xtec.cat\/inslesvinyescubelles\/wp-json\/wp\/v2\/categories?post=13465"},{"taxonomy":"post_tag","embeddable":true,"href":"https:\/\/agora.xtec.cat\/inslesvinyescubelles\/wp-json\/wp\/v2\/tags?post=13465"}],"curies":[{"name":"wp","href":"https:\/\/api.w.org\/{rel}","templated":true}]}}