{"id":13399,"date":"2021-10-21T09:48:15","date_gmt":"2021-10-21T07:48:15","guid":{"rendered":"https:\/\/agora.xtec.cat\/inslesvinyescubelles\/?p=13399"},"modified":"2021-10-21T09:48:43","modified_gmt":"2021-10-21T07:48:43","slug":"renovem-les-cobertes-de-linstitut-%f0%9f%8f%ab","status":"publish","type":"post","link":"https:\/\/agora.xtec.cat\/inslesvinyescubelles\/general\/renovem-les-cobertes-de-linstitut-%f0%9f%8f%ab\/","title":{"rendered":"Renovem les cobertes de l&#8217;institut \ud83c\udfeb"},"content":{"rendered":"<p>Despr\u00e9s de 13 anys renovem les cobertes dels sostres de tots els m\u00f2duls mentre esperem que la construcci\u00f3 del nou institut esdevingui una realitat.<\/p>\n<p>Des de l&#8217;institut Les Vinyes reclamem un nou edifici ja!<\/p>\n<p>&nbsp;<\/p>\n<p><a href=\"https:\/\/agora.xtec.cat\/inslesvinyescubelles\/wp-content\/uploads\/usu375\/2021\/10\/IMG-20211020-WA0014.jpg\"><img loading=\"lazy\" decoding=\"async\" class=\"alignleft size-full wp-image-13400\" src=\"https:\/\/agora.xtec.cat\/inslesvinyescubelles\/wp-content\/uploads\/usu375\/2021\/10\/IMG-20211020-WA0014.jpg\" alt=\"\" width=\"1600\" height=\"1200\" srcset=\"https:\/\/agora.xtec.cat\/inslesvinyescubelles\/wp-content\/uploads\/usu375\/2021\/10\/IMG-20211020-WA0014.jpg 1600w, https:\/\/agora.xtec.cat\/inslesvinyescubelles\/wp-content\/uploads\/usu375\/2021\/10\/IMG-20211020-WA0014-300x225.jpg 300w, https:\/\/agora.xtec.cat\/inslesvinyescubelles\/wp-content\/uploads\/usu375\/2021\/10\/IMG-20211020-WA0014-1024x768.jpg 1024w, https:\/\/agora.xtec.cat\/inslesvinyescubelles\/wp-content\/uploads\/usu375\/2021\/10\/IMG-20211020-WA0014-768x576.jpg 768w, https:\/\/agora.xtec.cat\/inslesvinyescubelles\/wp-content\/uploads\/usu375\/2021\/10\/IMG-20211020-WA0014-1536x1152.jpg 1536w, https:\/\/agora.xtec.cat\/inslesvinyescubelles\/wp-content\/uploads\/usu375\/2021\/10\/IMG-20211020-WA0014-200x150.jpg 200w\" sizes=\"auto, (max-width: 1600px) 100vw, 1600px\" \/><\/a><\/p>\n<p><a href=\"https:\/\/agora.xtec.cat\/inslesvinyescubelles\/wp-content\/uploads\/usu375\/2021\/10\/Screenshot_20211021-094031_Gmail.jpg\">\u00a0<\/a><img loading=\"lazy\" decoding=\"async\" class=\"alignleft size-full wp-image-13402\" src=\"https:\/\/agora.xtec.cat\/inslesvinyescubelles\/wp-content\/uploads\/usu375\/2021\/10\/Screenshot_20211021-094031_Gmail.jpg\" alt=\"\" width=\"1080\" height=\"809\" srcset=\"https:\/\/agora.xtec.cat\/inslesvinyescubelles\/wp-content\/uploads\/usu375\/2021\/10\/Screenshot_20211021-094031_Gmail.jpg 1080w, https:\/\/agora.xtec.cat\/inslesvinyescubelles\/wp-content\/uploads\/usu375\/2021\/10\/Screenshot_20211021-094031_Gmail-300x225.jpg 300w, https:\/\/agora.xtec.cat\/inslesvinyescubelles\/wp-content\/uploads\/usu375\/2021\/10\/Screenshot_20211021-094031_Gmail-1024x767.jpg 1024w, https:\/\/agora.xtec.cat\/inslesvinyescubelles\/wp-content\/uploads\/usu375\/2021\/10\/Screenshot_20211021-094031_Gmail-768x575.jpg 768w, https:\/\/agora.xtec.cat\/inslesvinyescubelles\/wp-content\/uploads\/usu375\/2021\/10\/Screenshot_20211021-094031_Gmail-200x150.jpg 200w\" sizes=\"auto, (max-width: 1080px) 100vw, 1080px\" \/><a href=\"https:\/\/agora.xtec.cat\/inslesvinyescubelles\/wp-content\/uploads\/usu375\/2021\/10\/Screenshot_20211021-093252_Gmail-1.jpg\"><img loading=\"lazy\" decoding=\"async\" class=\"alignleft size-full wp-image-13401\" src=\"https:\/\/agora.xtec.cat\/inslesvinyescubelles\/wp-content\/uploads\/usu375\/2021\/10\/Screenshot_20211021-093252_Gmail-1.jpg\" alt=\"\" width=\"1080\" height=\"795\" srcset=\"https:\/\/agora.xtec.cat\/inslesvinyescubelles\/wp-content\/uploads\/usu375\/2021\/10\/Screenshot_20211021-093252_Gmail-1.jpg 1080w, https:\/\/agora.xtec.cat\/inslesvinyescubelles\/wp-content\/uploads\/usu375\/2021\/10\/Screenshot_20211021-093252_Gmail-1-300x221.jpg 300w, https:\/\/agora.xtec.cat\/inslesvinyescubelles\/wp-content\/uploads\/usu375\/2021\/10\/Screenshot_20211021-093252_Gmail-1-1024x754.jpg 1024w, https:\/\/agora.xtec.cat\/inslesvinyescubelles\/wp-content\/uploads\/usu375\/2021\/10\/Screenshot_20211021-093252_Gmail-1-768x565.jpg 768w\" sizes=\"auto, (max-width: 1080px) 100vw, 1080px\" \/><\/a><\/p>\n","protected":false},"excerpt":{"rendered":"<p>Despr\u00e9s de 13 anys renovem les cobertes dels sostres de tots els m\u00f2duls mentre esperem que la construcci\u00f3 del nou institut esdevingui una realitat.<br \/>\nDes de l&#8217;institut Les Vinyes reclamem un nou edifici ja!<br \/>\n&nbsp;<br \/>\n<a href=\"https:\/\/agora.xtec.cat\/inslesvinyescubelles\/wp-content\/uploads\/usu375\/2021\/10\/IMG-20211020-WA0014.jpg\"><\/a><br \/>\n<a href=\"https:\/\/agora.xtec.cat\/inslesvinyescubelles\/wp-content\/uploads\/usu375\/2021\/10\/Screenshot_20211021-094031_Gmail.jpg\">\u00a0<\/a><a href=\"https:\/\/agora.xtec.cat\/inslesvinyescubelles\/wp-content\/uploads\/usu375\/2021\/10\/Screenshot_20211021-093252_Gmail-1.jpg\"><\/a><\/p>\n","protected":false},"author":1,"featured_media":13400,"comment_status":"open","ping_status":"closed","sticky":false,"template":"","format":"standard","meta":{"_bbp_topic_count":0,"_bbp_reply_count":0,"_bbp_total_topic_count":0,"_bbp_total_reply_count":0,"_bbp_voice_count":0,"_bbp_anonymous_reply_count":0,"_bbp_topic_count_hidden":0,"_bbp_reply_count_hidden":0,"_bbp_forum_subforum_count":0,"footnotes":""},"categories":[1,29],"tags":[],"class_list":["post-13399","post","type-post","status-publish","format-standard","has-post-thumbnail","hentry","category-general","category-portada"],"post_mailing_queue_ids":[],"_links":{"self":[{"href":"https:\/\/agora.xtec.cat\/inslesvinyescubelles\/wp-json\/wp\/v2\/posts\/13399","targetHints":{"allow":["GET"]}}],"collection":[{"href":"https:\/\/agora.xtec.cat\/inslesvinyescubelles\/wp-json\/wp\/v2\/posts"}],"about":[{"href":"https:\/\/agora.xtec.cat\/inslesvinyescubelles\/wp-json\/wp\/v2\/types\/post"}],"author":[{"embeddable":true,"href":"https:\/\/agora.xtec.cat\/inslesvinyescubelles\/wp-json\/wp\/v2\/users\/1"}],"replies":[{"embeddable":true,"href":"https:\/\/agora.xtec.cat\/inslesvinyescubelles\/wp-json\/wp\/v2\/comments?post=13399"}],"version-history":[{"count":1,"href":"https:\/\/agora.xtec.cat\/inslesvinyescubelles\/wp-json\/wp\/v2\/posts\/13399\/revisions"}],"predecessor-version":[{"id":13403,"href":"https:\/\/agora.xtec.cat\/inslesvinyescubelles\/wp-json\/wp\/v2\/posts\/13399\/revisions\/13403"}],"wp:featuredmedia":[{"embeddable":true,"href":"https:\/\/agora.xtec.cat\/inslesvinyescubelles\/wp-json\/wp\/v2\/media\/13400"}],"wp:attachment":[{"href":"https:\/\/agora.xtec.cat\/inslesvinyescubelles\/wp-json\/wp\/v2\/media?parent=13399"}],"wp:term":[{"taxonomy":"category","embeddable":true,"href":"https:\/\/agora.xtec.cat\/inslesvinyescubelles\/wp-json\/wp\/v2\/categories?post=13399"},{"taxonomy":"post_tag","embeddable":true,"href":"https:\/\/agora.xtec.cat\/inslesvinyescubelles\/wp-json\/wp\/v2\/tags?post=13399"}],"curies":[{"name":"wp","href":"https:\/\/api.w.org\/{rel}","templated":true}]}}