{"id":13339,"date":"2021-09-23T12:03:47","date_gmt":"2021-09-23T10:03:47","guid":{"rendered":"https:\/\/agora.xtec.cat\/inslesvinyescubelles\/?p=13339"},"modified":"2021-09-27T17:13:03","modified_gmt":"2021-09-27T15:13:03","slug":"reunions-inici-de-curs","status":"publish","type":"post","link":"https:\/\/agora.xtec.cat\/inslesvinyescubelles\/general\/reunions-inici-de-curs\/","title":{"rendered":"Reunions inici de curs"},"content":{"rendered":"<p>&nbsp;<\/p>\n<p dir=\"auto\">El <strong>29 de setembre a les 17h<\/strong> tindr\u00e0 lloc una reuni\u00f3 del tutor\/a de cada nivell amb les fam\u00edlies per informar sobre aspectes generals del curs. La reuni\u00f3 es far\u00e0 de forma<strong> telem\u00e0tica<\/strong> a trav\u00e9s de la plataforma Google Meet\u00a0 i rebreu l&#8217;enlla\u00e7 al vostre correu electr\u00f2nic<\/p>\n<p dir=\"auto\">Us hi esperem!<span class=\"im\"><br \/>\n<\/span><\/p>\n<div dir=\"auto\"><\/div>\n<div dir=\"auto\"><\/div>\n<div dir=\"auto\"><\/div>\n<div dir=\"auto\"><\/div>\n<p><a href=\"https:\/\/agora.xtec.cat\/inslesvinyescubelles\/wp-content\/uploads\/usu375\/2021\/09\/Reunio-families.png\"><img loading=\"lazy\" decoding=\"async\" class=\"wp-image-13340 aligncenter\" src=\"https:\/\/agora.xtec.cat\/inslesvinyescubelles\/wp-content\/uploads\/usu375\/2021\/09\/Reunio-families.png\" alt=\"\" width=\"396\" height=\"661\" \/><\/a><\/p>\n","protected":false},"excerpt":{"rendered":"<p>&nbsp;<br \/>\nEl 29 de setembre a les 17h tindr\u00e0 lloc una reuni\u00f3 del tutor\/a de cada nivell amb les fam\u00edlies per informar sobre aspectes generals del curs. La reuni\u00f3 es far\u00e0 de forma telem\u00e0tica a trav\u00e9s de la plataforma Google Meet\u00a0 i rebreu l&#8217;enlla\u00e7 al vostre&hellip;  <a href=\"https:\/\/agora.xtec.cat\/inslesvinyescubelles\/general\/reunions-inici-de-curs\/\" title=\"Read Reunions inici de curs\">Llegeix m\u00e9s\u00bb<\/a><\/p>\n","protected":false},"author":1,"featured_media":13340,"comment_status":"open","ping_status":"closed","sticky":false,"template":"","format":"standard","meta":{"_bbp_topic_count":0,"_bbp_reply_count":0,"_bbp_total_topic_count":0,"_bbp_total_reply_count":0,"_bbp_voice_count":0,"_bbp_anonymous_reply_count":0,"_bbp_topic_count_hidden":0,"_bbp_reply_count_hidden":0,"_bbp_forum_subforum_count":0,"footnotes":""},"categories":[88,1,29],"tags":[],"class_list":["post-13339","post","type-post","status-publish","format-standard","has-post-thumbnail","hentry","category-escola-de-families","category-general","category-portada"],"post_mailing_queue_ids":[],"_links":{"self":[{"href":"https:\/\/agora.xtec.cat\/inslesvinyescubelles\/wp-json\/wp\/v2\/posts\/13339","targetHints":{"allow":["GET"]}}],"collection":[{"href":"https:\/\/agora.xtec.cat\/inslesvinyescubelles\/wp-json\/wp\/v2\/posts"}],"about":[{"href":"https:\/\/agora.xtec.cat\/inslesvinyescubelles\/wp-json\/wp\/v2\/types\/post"}],"author":[{"embeddable":true,"href":"https:\/\/agora.xtec.cat\/inslesvinyescubelles\/wp-json\/wp\/v2\/users\/1"}],"replies":[{"embeddable":true,"href":"https:\/\/agora.xtec.cat\/inslesvinyescubelles\/wp-json\/wp\/v2\/comments?post=13339"}],"version-history":[{"count":2,"href":"https:\/\/agora.xtec.cat\/inslesvinyescubelles\/wp-json\/wp\/v2\/posts\/13339\/revisions"}],"predecessor-version":[{"id":13342,"href":"https:\/\/agora.xtec.cat\/inslesvinyescubelles\/wp-json\/wp\/v2\/posts\/13339\/revisions\/13342"}],"wp:featuredmedia":[{"embeddable":true,"href":"https:\/\/agora.xtec.cat\/inslesvinyescubelles\/wp-json\/wp\/v2\/media\/13340"}],"wp:attachment":[{"href":"https:\/\/agora.xtec.cat\/inslesvinyescubelles\/wp-json\/wp\/v2\/media?parent=13339"}],"wp:term":[{"taxonomy":"category","embeddable":true,"href":"https:\/\/agora.xtec.cat\/inslesvinyescubelles\/wp-json\/wp\/v2\/categories?post=13339"},{"taxonomy":"post_tag","embeddable":true,"href":"https:\/\/agora.xtec.cat\/inslesvinyescubelles\/wp-json\/wp\/v2\/tags?post=13339"}],"curies":[{"name":"wp","href":"https:\/\/api.w.org\/{rel}","templated":true}]}}