{"id":13239,"date":"2021-09-12T19:51:12","date_gmt":"2021-09-12T17:51:12","guid":{"rendered":"https:\/\/agora.xtec.cat\/inslesvinyescubelles\/?p=13239"},"modified":"2026-02-04T06:36:05","modified_gmt":"2026-02-04T05:36:05","slug":"collabora-amb-lampa","status":"publish","type":"post","link":"https:\/\/agora.xtec.cat\/inslesvinyescubelles\/general\/collabora-amb-lampa\/","title":{"rendered":"Col\u00b7labora amb l&#8217;AMPA!"},"content":{"rendered":"<p>Benvolgudes fam\u00edlies,<\/p>\n<p><a href=\"https:\/\/agora.xtec.cat\/inslesvinyescubelles\/comunitat-educativa\/ampa-les-vinyes\/\">L&#8217;AFA <\/a>de l&#8217;institut Les Vinyes ens adrecem a vosaltres per donar-vos la benvinguda a la comunitat educativa i per animar-vos a col\u00b7laborar amb les mares i pares que formem part de l\u2019associaci\u00f3 de fam\u00edlies del centre. \u00c9s per aix\u00f2 que <strong>necessitem la vostra col\u00b7laboraci\u00f3 com a socis de l\u2019AFA, en benefici de les <\/strong><strong>vostres filles i fills. <\/strong><\/p>\n<p>&nbsp;<\/p>\n<p>L&#8217;AFA de l\u2019Institut Les Vinyes continuar\u00e0 col\u00b7laborant amb l\u2019Institut en tot all\u00f2 que<br \/>\nsigui necessari.<\/p>\n<p>Aportacions econ\u00f2miques i col\u00b7laboracions amb l\u2019Institut:<br \/>\n\u25cf Contribuci\u00f3 important amb el pagament del programa de comunicaci\u00f3 amb les<br \/>\nfam\u00edlies iEduca-Tokapp .<br \/>\n\u25cf Compra de les agendes i els carpesans amb els separadors i fulls lliurats a tot<br \/>\nl\u2019alumnat.<br \/>\n\u25cf Gesti\u00f3 de la socialitzaci\u00f3 de llibres i reciclatge amb l\u2019empresa Iddink de la<br \/>\nvenda de llibres.<br \/>\n\u25cf L\u2019organitzaci\u00f3 de les festes de graduaci\u00f3 de 4rt. d\u2019ESO.<br \/>\n\u25cf Tamb\u00e9 ens fem c\u00e0rrec dels diplomes i fotografies de final de curs de<br \/>\ncada\u00a0etapa.<br \/>\n\u25cf La participaci\u00f3 en la festa de Castanyada, Nadal, Sant Jordi.<br \/>\n\u25cf Pagament del transport escolar d\u2019algunes sortides pedag\u00f2giques.<br \/>\n\u25cf Participaci\u00f3 en el Consell Escolar.<\/p>\n<table style=\"border-collapse: collapse; width: 38.0244%; height: 64px;\">\n<tbody>\n<tr>\n<td style=\"width: 100%;\"><span style=\"color: #3366ff;\">\u00a0 <span style=\"color: #00ccff;\">\u00a0 IMPORT: <\/span><\/span><strong style=\"font-size: 16px;\">Quota de socis 25\u20ac<\/strong><\/td>\n<\/tr>\n<\/tbody>\n<\/table>\n<p><strong>Oficina de Banc Sabadell, Passeig Narc\u00eds Bardaj\u00ed n\u00ba 3.<\/strong><\/p>\n<p>&nbsp;<\/p>\n<p><span style=\"color: #00ccff;\">FORMA DE PAGAMENT<\/span><br \/>\n<strong>Caixer:<\/strong><br \/>\nOperaci\u00f3 amb targeta:<br \/>\nIntroduir la targeta i n\u00famero personal<br \/>\nAl men\u00fa de pantalla triar PAGAMENT A TERCERS<br \/>\nCodi AFA Les Vinyes: 148114<br \/>\nSeleccionar al men\u00fa el concepte corresponent i poseu <strong>Nom i cognoms de l\u2019alumne\/a.<\/strong><\/p>\n<p><strong>Transfer\u00e8ncia banc\u00e0ria:<\/strong><br \/>\nPer transfer\u00e8ncia banc\u00e0ria al n\u00famero de compte:<br \/>\nES97 0081 1620 3900 0104 2914<br \/>\nIndiqueu <strong>Nom i cognoms de l\u2019alumne\/a.<\/strong><\/p>\n<p>L&#8217;AFA tamb\u00e9 \u00e9s un espai de participaci\u00f3; les vostres idees, els vostres suggeriments<br \/>\ni les vostres opinions s\u00f3n necessaris per al bon funcionament de l&#8217;associaci\u00f3, per tal<br \/>\nde facilitar la comunicaci\u00f3 entre tothom disposem de :<\/p>\n<p>\u25cf D\u2019una adre\u00e7a electr\u00f2nica:\u00a0<a href=\"mailto:ampa@inslesvinyescubelles.com\" target=\"_blank\" rel=\"noopener\">afa@inslesvinyescubelles.com<\/a><\/p>\n<p>Aprofitem l\u2019avinentesa per saludar-los.<br \/>\nEmail:\u00a0 <a href=\"mailto:ampa@inslesvinyescubelles.com\">afa@inslesvinyescubelles.com<\/a><br \/>\nWeb Institut:\u00a0<a href=\"https:\/\/agora.xtec.cat\/inslesvinyescubelles\/\" target=\"_blank\" rel=\"noopener\">https:\/\/agora.xtec.cat\/inslesvinyescubelles\/<\/a><\/p>\n","protected":false},"excerpt":{"rendered":"<p>Benvolgudes fam\u00edlies,<br \/>\n<a href=\"https:\/\/agora.xtec.cat\/inslesvinyescubelles\/comunitat-educativa\/ampa-les-vinyes\/\">L&#8217;AFA <\/a>de l&#8217;institut Les Vinyes ens adrecem a vosaltres per donar-vos la benvinguda a la comunitat educativa i per animar-vos a col\u00b7laborar amb les mares i pares que formem part de l\u2019associaci\u00f3 de fam\u00edlies del centre. \u00c9s per aix\u00f2 que necessitem la vostra&hellip;  <a href=\"https:\/\/agora.xtec.cat\/inslesvinyescubelles\/general\/collabora-amb-lampa\/\" title=\"Read Col\u00b7labora amb l&#8217;AMPA!\">Llegeix m\u00e9s\u00bb<\/a><\/p>\n","protected":false},"author":1,"featured_media":13253,"comment_status":"open","ping_status":"closed","sticky":false,"template":"","format":"standard","meta":{"_bbp_topic_count":0,"_bbp_reply_count":0,"_bbp_total_topic_count":0,"_bbp_total_reply_count":0,"_bbp_voice_count":0,"_bbp_anonymous_reply_count":0,"_bbp_topic_count_hidden":0,"_bbp_reply_count_hidden":0,"_bbp_forum_subforum_count":0,"footnotes":""},"categories":[31,88,1,29],"tags":[],"class_list":["post-13239","post","type-post","status-publish","format-standard","has-post-thumbnail","hentry","category-ampa","category-escola-de-families","category-general","category-portada"],"post_mailing_queue_ids":[],"_links":{"self":[{"href":"https:\/\/agora.xtec.cat\/inslesvinyescubelles\/wp-json\/wp\/v2\/posts\/13239","targetHints":{"allow":["GET"]}}],"collection":[{"href":"https:\/\/agora.xtec.cat\/inslesvinyescubelles\/wp-json\/wp\/v2\/posts"}],"about":[{"href":"https:\/\/agora.xtec.cat\/inslesvinyescubelles\/wp-json\/wp\/v2\/types\/post"}],"author":[{"embeddable":true,"href":"https:\/\/agora.xtec.cat\/inslesvinyescubelles\/wp-json\/wp\/v2\/users\/1"}],"replies":[{"embeddable":true,"href":"https:\/\/agora.xtec.cat\/inslesvinyescubelles\/wp-json\/wp\/v2\/comments?post=13239"}],"version-history":[{"count":4,"href":"https:\/\/agora.xtec.cat\/inslesvinyescubelles\/wp-json\/wp\/v2\/posts\/13239\/revisions"}],"predecessor-version":[{"id":15382,"href":"https:\/\/agora.xtec.cat\/inslesvinyescubelles\/wp-json\/wp\/v2\/posts\/13239\/revisions\/15382"}],"wp:featuredmedia":[{"embeddable":true,"href":"https:\/\/agora.xtec.cat\/inslesvinyescubelles\/wp-json\/wp\/v2\/media\/13253"}],"wp:attachment":[{"href":"https:\/\/agora.xtec.cat\/inslesvinyescubelles\/wp-json\/wp\/v2\/media?parent=13239"}],"wp:term":[{"taxonomy":"category","embeddable":true,"href":"https:\/\/agora.xtec.cat\/inslesvinyescubelles\/wp-json\/wp\/v2\/categories?post=13239"},{"taxonomy":"post_tag","embeddable":true,"href":"https:\/\/agora.xtec.cat\/inslesvinyescubelles\/wp-json\/wp\/v2\/tags?post=13239"}],"curies":[{"name":"wp","href":"https:\/\/api.w.org\/{rel}","templated":true}]}}